{"id":145780,"date":"2025-06-02T06:43:10","date_gmt":"2025-06-02T06:43:10","guid":{"rendered":"https:\/\/www.europesays.com\/fr\/145780\/"},"modified":"2025-06-02T06:43:10","modified_gmt":"2025-06-02T06:43:10","slug":"ostwald-le-quartier-du-wihrel-organise-son-vide-greniers-le-dimanche-15-juin","status":"publish","type":"post","link":"https:\/\/www.europesays.com\/fr\/145780\/","title":{"rendered":"Ostwald. Le quartier du Wihrel organise son vide-greniers le dimanche 15\u00a0juin"},"content":{"rendered":"<p>Depuis des ann\u00e9es au mois de juin, les habitants du <a href=\"https:\/\/www.dna.fr\/politique\/2024\/10\/02\/les-actions-pour-le-quartier-prioritaire-du-wihrel-se-precisent\" target=\"_blank\" rel=\"noopener\">quartier du Wihrel<\/a> \u00e0 Ostwald sortent tables et chaises pour <a href=\"https:\/\/www.dna.fr\/culture-loisirs\/2022\/06\/16\/vide-greniers-et-fete-dans-le-quartier-wihrel\" target=\"_blank\" rel=\"noopener\">leur vide-greniers<\/a>. Cette ann\u00e9e, la f\u00eate a lieu le dimanche 15\u00a0juin. Une centaine d\u2019emplacements sont disponibles. Les inscriptions se feront le 7\u00a0juin de 10\u00a0h \u00e0 12\u00a0h au local de la conf\u00e9d\u00e9ration syndicale familles (CSF) situ\u00e9 au 11, rue du S\u00e9minaire \u00e0 Ostwald.<\/p>\n<p>Invit\u00e9s par l\u2019association du quartier (la CSF), les locataires vivront une journ\u00e9e au pied de leurs immeubles et profiteront de l\u2019\u00e9v\u00e9nement pour se rencontrer, \u00e9changer, trouver des objets \u00e0 bas prix voire gagner un peu d\u2019argent.<\/p>\n<p>  V\u00e9lhop et l\u2019agence du climat invit\u00e9s au vide-greniers<\/p>\n<p>C\u2019est l\u2019occasion aussi pour la CSF qui agit comme un syndicat des familles, d\u2019expliquer comment elle r\u00e9pond aux besoins des familles populaires dans diff\u00e9rents domaines. Elle recueille par du porte-\u00e0-porte, les plaintes et t\u00e9moignages des personnes infest\u00e9es par <a href=\"https:\/\/www.dna.fr\/sante\/2023\/10\/03\/les-punaises-de-lit-ne-sont-pas-un-motif-a-une-panique-generale-assure-rousseau\" target=\"_blank\" rel=\"noopener\">des punaises de lit<\/a>. Elle d\u00e9fend l\u2019id\u00e9e que le traitement doit \u00eatre gratuit pour les locataires, collectif \u00e0 l\u2019\u00e9chelle de tout l\u2019immeuble et accompagn\u00e9 d\u2019un relogement temporaire si n\u00e9cessaire surtout pour les familles nombreuses.<\/p>\n<p>Ce contenu est bloqu\u00e9 car vous n&rsquo;avez pas accept\u00e9 les cookies et autres traceurs.<\/p>\n<p>En cliquant sur \u00ab J\u2019accepte \u00bb, les cookies et autres traceurs seront d\u00e9pos\u00e9s et vous pourrez visualiser les contenus  (<a href=\"\" class=\"consentModule_policy\" target=\"_blank\" title=\"Consulter la politique de protection des donn\u00e9es du fournisseur\">plus d&rsquo;informations<\/a>).<\/p>\n<p>En cliquant sur \u00ab J\u2019accepte tous les cookies \u00bb, vous autorisez des d\u00e9p\u00f4ts de cookies et autres traceurs pour le stockage de vos donn\u00e9es sur nos sites et applications \u00e0 des fins de personnalisation et de ciblage publicitaire.<\/p>\n<p class=\"consentModule_secondaryText\">Vous gardez la possibilit\u00e9 de retirer votre consentement \u00e0 tout moment en consultant notre <a href=\"https:\/\/www.dna.fr\/protection-des-donnees\" target=\"_blank\" title=\"Consulter notre politique de protection des donn\u00e9es\" rel=\"noopener\">politique de protection des donn\u00e9es<\/a>. <br \/>&#13;<br \/>\n            <a href=\"https:\/\/www.dna.fr\/culture-loisirs\/2025\/06\/02\/javascript:Didomi.notice.show()\" class=\"consentModule_cmp\" target=\"_blank\" rel=\"noopener\">G\u00e9rer mes choix<\/a>&#13;\n        <\/p>\n<p>&#13;<br \/>\n                        J&rsquo;accepte&#13;<br \/>\n            J&rsquo;accepte tous les cookies&#13;\n        <\/p>\n<p>Selon la tradition, ce quartier class\u00e9 prioritaire de la politique de la Ville (QPV) accueillera aussi ce dimanche 15\u00a0juin des personnes ext\u00e9rieures au Wihrel. Il attend entre autres les animateurs du groupe <a href=\"https:\/\/www.dna.fr\/politique\/2024\/08\/29\/velhop-gonfle-sa-flotte-pour-la-rentree\" target=\"_blank\" rel=\"noopener\"> V\u00e9lhop<\/a> pour d\u2019\u00e9ventuels conseils et r\u00e9parations, et l\u2019agence du climat qui a un r\u00f4le d\u2019animation territoriale dans le champ de la transition \u00e9cologique et \u00e9nerg\u00e9tique et de l\u2019adaptation au changement climatique. Le bailleur, le centre social et culturel, le club de football, la maire d\u2019Ostwald rencontreront les exposants et les organisateurs fiers de contribuer \u00e0 un \u00e9v\u00e9nement qui a l\u2019ambition d\u2019am\u00e9liorer le sentiment des habitants de vivre dans un quartier vivant.<\/p>\n","protected":false},"excerpt":{"rendered":"Depuis des ann\u00e9es au mois de juin, les habitants du quartier du Wihrel \u00e0 Ostwald sortent tables et&hellip;\n","protected":false},"author":2,"featured_media":145781,"comment_status":"","ping_status":"","sticky":false,"template":"","format":"standard","meta":{"footnotes":""},"categories":[2820],"tags":[1111,11,1687,2880,1777,674,3326,107,1011,27,775,12,6611,25,640,3089],"class_list":{"0":"post-145780","1":"post","2":"type-post","3":"status-publish","4":"format-standard","5":"has-post-thumbnail","7":"category-strasbourg","8":"tag-actu","9":"tag-actualites","10":"tag-culture-loisirs","11":"tag-edition-strasbourg","12":"tag-eu","13":"tag-europe","14":"tag-fete-locale","15":"tag-fil-info","16":"tag-fr","17":"tag-france","18":"tag-grand-est","19":"tag-news","20":"tag-ostwald","21":"tag-republique-francaise","22":"tag-strasbourg","23":"tag-strasbourg-sud"},"share_on_mastodon":{"url":"https:\/\/pubeurope.com\/@fr\/114612417551876593","error":""},"_links":{"self":[{"href":"https:\/\/www.europesays.com\/fr\/wp-json\/wp\/v2\/posts\/145780","targetHints":{"allow":["GET"]}}],"collection":[{"href":"https:\/\/www.europesays.com\/fr\/wp-json\/wp\/v2\/posts"}],"about":[{"href":"https:\/\/www.europesays.com\/fr\/wp-json\/wp\/v2\/types\/post"}],"author":[{"embeddable":true,"href":"https:\/\/www.europesays.com\/fr\/wp-json\/wp\/v2\/users\/2"}],"replies":[{"embeddable":true,"href":"https:\/\/www.europesays.com\/fr\/wp-json\/wp\/v2\/comments?post=145780"}],"version-history":[{"count":0,"href":"https:\/\/www.europesays.com\/fr\/wp-json\/wp\/v2\/posts\/145780\/revisions"}],"wp:featuredmedia":[{"embeddable":true,"href":"https:\/\/www.europesays.com\/fr\/wp-json\/wp\/v2\/media\/145781"}],"wp:attachment":[{"href":"https:\/\/www.europesays.com\/fr\/wp-json\/wp\/v2\/media?parent=145780"}],"wp:term":[{"taxonomy":"category","embeddable":true,"href":"https:\/\/www.europesays.com\/fr\/wp-json\/wp\/v2\/categories?post=145780"},{"taxonomy":"post_tag","embeddable":true,"href":"https:\/\/www.europesays.com\/fr\/wp-json\/wp\/v2\/tags?post=145780"}],"curies":[{"name":"wp","href":"https:\/\/api.w.org\/{rel}","templated":true}]}}