{"id":145786,"date":"2025-06-02T06:47:35","date_gmt":"2025-06-02T06:47:35","guid":{"rendered":"https:\/\/www.europesays.com\/fr\/145786\/"},"modified":"2025-06-02T06:47:35","modified_gmt":"2025-06-02T06:47:35","slug":"sainte-luce-sur-loire-deux-pieces-de-theatre-pour-une-grande-soiree","status":"publish","type":"post","link":"https:\/\/www.europesays.com\/fr\/145786\/","title":{"rendered":"Sainte-Luce-sur-Loire. Deux pi\u00e8ces de th\u00e9\u00e2tre pour une grande soir\u00e9e"},"content":{"rendered":"<p>La compagnie luc\u00e9enne Bel Viaggio invite le public \u00e0 des repr\u00e9sentations th\u00e9\u00e2trales de fin de saison. Pour ce rendez-vous, les ateliers ados et adultes se produiront sur la sc\u00e8ne du th\u00e9\u00e2tre Lig\u00e9ria.<\/p>\n<p>Chantal David cr\u00e9atrice et responsable artistique de la troupe pr\u00e9cise\u00a0: \u00ab\u00a0A 19\u00a0h, la soir\u00e9e d\u00e9butera avec l\u2019atelier \u00ab\u00a0Ados 2\u00a0\u00bb et la pi\u00e8ce \u00a0L\u2019esprit de la for\u00eat\u00a0 co-ecrite par les com\u00e9diens et Dana Luciano. \u00c0 19\u00a0h\u00a030 c\u2019est l\u2019atelier \u00ab\u00a0Ados 1\u00a0\u00bb qui pr\u00e9sentera la pi\u00e8ce \u00a0Ko Lhanta\u00a0.<\/p>\n<p>La responsable de ces ateliers, Dana Luciano assure la mise en sc\u00e8ne de ces deux repr\u00e9sentations. Elle est partie d\u2019une \u00e9criture plateau avec ses \u00e9l\u00e8ves pour monter les 2\u00a0sc\u00e9narii. \u00ab\u00a0Concernant l\u2019atelier \u00ab\u00a0Adultes\u00a0\u00bb, j\u2019ai proc\u00e9d\u00e9 \u00e0 un vote avec l\u2019ensemble de mes \u00e9l\u00e8ves, l\u2019unanimit\u00e9 s\u2019est dirig\u00e9e vers la belle pi\u00e8ce contemporaine de Pauline Bureau\u00a0: \u00a0F\u00e9minines\u00a0 planifi\u00e9e \u00e0 20\u00a0h\u00a030\u00a0\u00bb.<\/p>\n<p>Jeudi\u00a05 et vendredi 6\u00a0juin au th\u00e9\u00e2tre Lig\u00e9ria. Entr\u00e9e libre. Contact\u00a0: 02\u00a051\u00a013\u00a071\u00a055 ou belviaggio@wanadoo.fr<\/p>\n<p>\u00a0<\/p>\n","protected":false},"excerpt":{"rendered":"La compagnie luc\u00e9enne Bel Viaggio invite le public \u00e0 des repr\u00e9sentations th\u00e9\u00e2trales de fin de saison. Pour ce&hellip;\n","protected":false},"author":2,"featured_media":145787,"comment_status":"","ping_status":"","sticky":false,"template":"","format":"standard","meta":{"footnotes":""},"categories":[2818],"tags":[1111,11,1777,674,1011,27,4027,766,12,2636,15080,25,3272,5974,953,1347],"class_list":{"0":"post-145786","1":"post","2":"type-post","3":"status-publish","4":"format-standard","5":"has-post-thumbnail","7":"category-nantes","8":"tag-actu","9":"tag-actualites","10":"tag-eu","11":"tag-europe","12":"tag-fr","13":"tag-france","14":"tag-grande","15":"tag-nantes","16":"tag-news","17":"tag-pays-de-la-loire","18":"tag-pieces","19":"tag-republique-francaise","20":"tag-saint-nazaire","21":"tag-sainte-luce-sur-loire","22":"tag-soiree","23":"tag-theatre"},"share_on_mastodon":{"url":"https:\/\/pubeurope.com\/@fr\/114612433265148518","error":""},"_links":{"self":[{"href":"https:\/\/www.europesays.com\/fr\/wp-json\/wp\/v2\/posts\/145786","targetHints":{"allow":["GET"]}}],"collection":[{"href":"https:\/\/www.europesays.com\/fr\/wp-json\/wp\/v2\/posts"}],"about":[{"href":"https:\/\/www.europesays.com\/fr\/wp-json\/wp\/v2\/types\/post"}],"author":[{"embeddable":true,"href":"https:\/\/www.europesays.com\/fr\/wp-json\/wp\/v2\/users\/2"}],"replies":[{"embeddable":true,"href":"https:\/\/www.europesays.com\/fr\/wp-json\/wp\/v2\/comments?post=145786"}],"version-history":[{"count":0,"href":"https:\/\/www.europesays.com\/fr\/wp-json\/wp\/v2\/posts\/145786\/revisions"}],"wp:featuredmedia":[{"embeddable":true,"href":"https:\/\/www.europesays.com\/fr\/wp-json\/wp\/v2\/media\/145787"}],"wp:attachment":[{"href":"https:\/\/www.europesays.com\/fr\/wp-json\/wp\/v2\/media?parent=145786"}],"wp:term":[{"taxonomy":"category","embeddable":true,"href":"https:\/\/www.europesays.com\/fr\/wp-json\/wp\/v2\/categories?post=145786"},{"taxonomy":"post_tag","embeddable":true,"href":"https:\/\/www.europesays.com\/fr\/wp-json\/wp\/v2\/tags?post=145786"}],"curies":[{"name":"wp","href":"https:\/\/api.w.org\/{rel}","templated":true}]}}