{"id":145788,"date":"2025-06-02T06:48:19","date_gmt":"2025-06-02T06:48:19","guid":{"rendered":"https:\/\/www.europesays.com\/fr\/145788\/"},"modified":"2025-06-02T06:48:19","modified_gmt":"2025-06-02T06:48:19","slug":"incidents-a-nantes-apres-la-finale-de-la-ligue-des-champions-la-prefecture-prise-de-court","status":"publish","type":"post","link":"https:\/\/www.europesays.com\/fr\/145788\/","title":{"rendered":"Incidents \u00e0 Nantes apr\u00e8s la finale de la Ligue des champions\u00a0: la pr\u00e9fecture prise de court ."},"content":{"rendered":"<p>La pr\u00e9fecture de Loire-Atlantique avait-elle vu le coup venir\u00a0? En d\u2019autres termes, avait-elle pr\u00e9vu, samedi soir, <a href=\"https:\/\/nantes.maville.com\/sport\/detail_-victoire-du-psg.-le-dispositif-de-securite-etait-il-suffisant-retour-sur-une-nuit-agitee-a-nantes-_8-6834214_actu.Htm\" target=\"_blank\" rel=\"noopener\">un dispositif de s\u00e9curit\u00e9 \u00e0 la mesure de possibles d\u00e9bordements \u00e0 l\u2019issue de la finale de la Ligue des champions<\/a>\u00a0? Interrog\u00e9e, elle r\u00e9pond que le n\u00e9cessaire avait \u00e9t\u00e9 fait mais qu\u2019elle a \u00e9t\u00e9 confront\u00e9e \u00e0 une ambiance qui, <strong> festive et familiale <\/strong> <strong> s\u2019est soudainement d\u00e9grad\u00e9e <\/strong> . Elle pr\u00e9cise que le pr\u00e9fet avait d\u00e9cid\u00e9 de passer la soir\u00e9e en cellule de crise et que la CRS 82\u00a0est intervenue \u00e0 Nantes.<\/p>\n<p><a href=\"https:\/\/nantes.maville.com\/sport\/detail_-victoire-du-psg.-les-gens-tapaient-sur-les-vitres-le-conducteur-du-bus-saccage-a-nantes-temoigne-_8-6834158_actu.Htm\" target=\"_blank\" rel=\"noopener\"> <strong>LIRE AUSSI. <\/strong>Victoire du PSG. \u00abLes gens tapaient sur les vitres \u00bb: le conducteur du bus saccag\u00e9 \u00e0 Nantes t\u00e9moigne<\/a><\/p>\n<p>Interrompus plus t\u00f4t ?<\/p>\n<p>Certes. Mais la compagnie r\u00e9publicaine de s\u00e9curit\u00e9 a-t-elle \u00e9t\u00e9 mobilis\u00e9e suffisamment t\u00f4t tandis que les incidents avaient \u00e9clat\u00e9 depuis d\u00e9j\u00e0 de longues minutes\u00a0? On peut \u00e9galement se demander pourquoi les transports en commun n\u2019ont pas \u00e9t\u00e9 d\u00e9vi\u00e9s ou interrompus plus t\u00f4t.\u00a0A 23\u00a0h\u00a005, la police municipale nous a demand\u00e9 de couper le centre-ville et de ne plus faire circuler les transports en commun sur le secteur des 50-Otages, raconte Philippe Grall, directeur du service exploitation \u00e0 la Semitan. Il y avait d\u00e9j\u00e0 deux bus engag\u00e9s sur le cours. On a pu faire sortir les passagers et faire man\u0153uvrer un premier pour le sortir du secteur. Mais un deuxi\u00e8me est rest\u00e9 bloqu\u00e9 dans la circulation. C\u2019est l\u00e0 que les vitres ont \u00e9t\u00e9 cass\u00e9es.\u00a0<\/p>\n<p><a href=\"https:\/\/nantes.maville.com\/actu\/actudet_-victoire-du-psg-apres-les-incidents-a-nantes-sept-interpelles-le-plus-jeune-est-age-de-12-ans-_8-6834056_actu.Htm\" target=\"_blank\" rel=\"noopener\"> <strong>LIRE AUSSI.<\/strong> Victoire du PSG : apr\u00e8s les incidents \u00e0 Nantes, sept interpell\u00e9s, le plus jeune est \u00e2g\u00e9 de 12 ans<\/a><\/p>\n<p>Regards tourn\u00e9s vers Paris<\/p>\n<p>\u00c0 la d\u00e9charge des autorit\u00e9s locales, il faut souligner qu\u2019elles ne sont pas les seules \u00e0 avoir \u00e9t\u00e9 surprises par l\u2019impact populaire de la victoire du PSG ailleurs que dans la capitale. Au cours des journ\u00e9es qui ont pr\u00e9c\u00e9d\u00e9 la finale, il ne semblait \u00eatre question au sein du gouvernement que de l\u2019interdiction ou de l\u2019autorisation de la parade sur les Champs-\u00c9lys\u00e9es. Tous les regards n\u2019\u00e9taient tourn\u00e9s que vers Paris.<\/p>\n<p>\u00a0<\/p>\n","protected":false},"excerpt":{"rendered":"La pr\u00e9fecture de Loire-Atlantique avait-elle vu le coup venir\u00a0? En d\u2019autres termes, avait-elle pr\u00e9vu, samedi soir, un dispositif&hellip;\n","protected":false},"author":2,"featured_media":145789,"comment_status":"","ping_status":"","sticky":false,"template":"","format":"standard","meta":{"footnotes":""},"categories":[2818],"tags":[1111,11,3809,1465,1777,674,63,1011,27,1792,1922,766,12,2636,25,479,3272,517,1470],"class_list":{"0":"post-145788","1":"post","2":"type-post","3":"status-publish","4":"format-standard","5":"has-post-thumbnail","7":"category-nantes","8":"tag-actu","9":"tag-actualites","10":"tag-ball","11":"tag-basket","12":"tag-eu","13":"tag-europe","14":"tag-football","15":"tag-fr","16":"tag-france","17":"tag-handball","18":"tag-info","19":"tag-nantes","20":"tag-news","21":"tag-pays-de-la-loire","22":"tag-republique-francaise","23":"tag-rugby","24":"tag-saint-nazaire","25":"tag-sport","26":"tag-volley"},"share_on_mastodon":{"url":"https:\/\/pubeurope.com\/@fr\/114612437206665986","error":""},"_links":{"self":[{"href":"https:\/\/www.europesays.com\/fr\/wp-json\/wp\/v2\/posts\/145788","targetHints":{"allow":["GET"]}}],"collection":[{"href":"https:\/\/www.europesays.com\/fr\/wp-json\/wp\/v2\/posts"}],"about":[{"href":"https:\/\/www.europesays.com\/fr\/wp-json\/wp\/v2\/types\/post"}],"author":[{"embeddable":true,"href":"https:\/\/www.europesays.com\/fr\/wp-json\/wp\/v2\/users\/2"}],"replies":[{"embeddable":true,"href":"https:\/\/www.europesays.com\/fr\/wp-json\/wp\/v2\/comments?post=145788"}],"version-history":[{"count":0,"href":"https:\/\/www.europesays.com\/fr\/wp-json\/wp\/v2\/posts\/145788\/revisions"}],"wp:featuredmedia":[{"embeddable":true,"href":"https:\/\/www.europesays.com\/fr\/wp-json\/wp\/v2\/media\/145789"}],"wp:attachment":[{"href":"https:\/\/www.europesays.com\/fr\/wp-json\/wp\/v2\/media?parent=145788"}],"wp:term":[{"taxonomy":"category","embeddable":true,"href":"https:\/\/www.europesays.com\/fr\/wp-json\/wp\/v2\/categories?post=145788"},{"taxonomy":"post_tag","embeddable":true,"href":"https:\/\/www.europesays.com\/fr\/wp-json\/wp\/v2\/tags?post=145788"}],"curies":[{"name":"wp","href":"https:\/\/api.w.org\/{rel}","templated":true}]}}