{"id":14579,"date":"2025-04-10T09:13:09","date_gmt":"2025-04-10T09:13:09","guid":{"rendered":"https:\/\/www.europesays.com\/fr\/14579\/"},"modified":"2025-04-10T09:13:09","modified_gmt":"2025-04-10T09:13:09","slug":"un-jeune-homme-est-decede-apres-une-chute-a-scooter-a-nantes","status":"publish","type":"post","link":"https:\/\/www.europesays.com\/fr\/14579\/","title":{"rendered":"Un jeune homme est d\u00e9c\u00e9d\u00e9 apr\u00e8s une chute \u00e0 scooter \u00e0 Nantes"},"content":{"rendered":"<p>Il est quatre heures, ce jeudi 10\u00a0avril, rue d\u2019Allemagne, au nord-est de Nantes. Un dramatique accident vient de survenir. Un homme, qui circulait sur un scooter, a chut\u00e9. Les pompiers ont \u00e9t\u00e9 alert\u00e9s. Le SAMU est l\u00e0 aussi. Tout comme les policiers venus recueillir les premiers \u00e9l\u00e9ments susceptibles d\u2019\u00eatre utiles \u00e0 l\u2019enqu\u00eate.<\/p>\n<p>Il travaillait non loin de l\u00e0<\/p>\n<p>Des massages cardiaques sont rapidement effectu\u00e9s par les secours. Las. Le d\u00e9c\u00e8s de ce jeune homme de 24\u00a0ans, qui travaillait dans un \u00e9tablissement situ\u00e9 non loin des lieux du drame, est constat\u00e9 peu apr\u00e8s. Selon les premi\u00e8res constatations et informations recueillies sur les lieux, il aurait chut\u00e9 seul.<\/p>\n<p>\u00a0<\/p>\n","protected":false},"excerpt":{"rendered":"Il est quatre heures, ce jeudi 10\u00a0avril, rue d\u2019Allemagne, au nord-est de Nantes. Un dramatique accident vient de&hellip;\n","protected":false},"author":2,"featured_media":14580,"comment_status":"","ping_status":"","sticky":false,"template":"","format":"standard","meta":{"footnotes":""},"categories":[2818],"tags":[1111,11,837,1762,1777,674,1011,27,4933,3913,766,12,2636,25,3272,6291],"class_list":{"0":"post-14579","1":"post","2":"type-post","3":"status-publish","4":"format-standard","5":"has-post-thumbnail","7":"category-nantes","8":"tag-actu","9":"tag-actualites","10":"tag-chute","11":"tag-decede","12":"tag-eu","13":"tag-europe","14":"tag-fr","15":"tag-france","16":"tag-homme","17":"tag-jeune","18":"tag-nantes","19":"tag-news","20":"tag-pays-de-la-loire","21":"tag-republique-francaise","22":"tag-saint-nazaire","23":"tag-scooter"},"share_on_mastodon":{"url":"https:\/\/pubeurope.com\/@fr\/114312904974911724","error":""},"_links":{"self":[{"href":"https:\/\/www.europesays.com\/fr\/wp-json\/wp\/v2\/posts\/14579","targetHints":{"allow":["GET"]}}],"collection":[{"href":"https:\/\/www.europesays.com\/fr\/wp-json\/wp\/v2\/posts"}],"about":[{"href":"https:\/\/www.europesays.com\/fr\/wp-json\/wp\/v2\/types\/post"}],"author":[{"embeddable":true,"href":"https:\/\/www.europesays.com\/fr\/wp-json\/wp\/v2\/users\/2"}],"replies":[{"embeddable":true,"href":"https:\/\/www.europesays.com\/fr\/wp-json\/wp\/v2\/comments?post=14579"}],"version-history":[{"count":0,"href":"https:\/\/www.europesays.com\/fr\/wp-json\/wp\/v2\/posts\/14579\/revisions"}],"wp:featuredmedia":[{"embeddable":true,"href":"https:\/\/www.europesays.com\/fr\/wp-json\/wp\/v2\/media\/14580"}],"wp:attachment":[{"href":"https:\/\/www.europesays.com\/fr\/wp-json\/wp\/v2\/media?parent=14579"}],"wp:term":[{"taxonomy":"category","embeddable":true,"href":"https:\/\/www.europesays.com\/fr\/wp-json\/wp\/v2\/categories?post=14579"},{"taxonomy":"post_tag","embeddable":true,"href":"https:\/\/www.europesays.com\/fr\/wp-json\/wp\/v2\/tags?post=14579"}],"curies":[{"name":"wp","href":"https:\/\/api.w.org\/{rel}","templated":true}]}}