{"id":145794,"date":"2025-06-02T06:51:08","date_gmt":"2025-06-02T06:51:08","guid":{"rendered":"https:\/\/www.europesays.com\/fr\/145794\/"},"modified":"2025-06-02T06:51:08","modified_gmt":"2025-06-02T06:51:08","slug":"suppression-du-senat-reconnaissance-du-vote-blanc-en-haute-garonne-les-cahiers-de-doleances-accessibles-au-grand-public-aux-archives-departementales","status":"publish","type":"post","link":"https:\/\/www.europesays.com\/fr\/145794\/","title":{"rendered":"Suppression du s\u00e9nat, reconnaissance du vote blanc\u2026 En Haute-Garonne, les cahiers de dol\u00e9ances accessibles au grand public aux archives d\u00e9partementales"},"content":{"rendered":"<p class=\"paragraph text_align_left\">Ils sont manuscrits ou dactylographi\u00e9s et peuvent \u00eatre \u00e9crits dans des cahiers d\u2019\u00e9coliers ou sur des feuilles volantes imprim\u00e9es d\u2019un mail. Depuis le 30 avril, les cahiers de dol\u00e9ances, issus de la crise des Gilets jaunes en octobre 2018, <a href=\"https:\/\/www.leparisien.fr\/societe\/gilets-jaunes-les-19-000-cahiers-de-doleances-sont-desormais-accessibles-a-tous-les-francais-01-05-2025-4A2W5EH4SVE23NNZQYMFOEDQ5Y.php\" target=\"_self\" rel=\"noopener\">sont consultables par le grand public<\/a> aux archives d\u00e9partementales de la Haute-Garonne, \u00e0 Toulouse.<\/p>\n<p class=\"paragraph text_align_left\">Apr\u00e8s le grand d\u00e9bat d\u00e9cid\u00e9 par Emmanuel Macron, les citoyens avaient couch\u00e9 sur le papier leurs propositions pour am\u00e9liorer leur quotidien et la soci\u00e9t\u00e9. Au septi\u00e8me \u00e9tage de l\u2019immense b\u00e2timent des archives, les cahiers de dol\u00e9ances r\u00e9colt\u00e9s dans les communes du d\u00e9partement, via la pr\u00e9fecture, repr\u00e9sentent 28 bo\u00eetes en carton, soit 2,2 m de lin\u00e9aire.<\/p>\n<p class=\"paragraph text_align_left\">\u00ab Nous les stockons depuis mars 2019 mais, depuis la parution du d\u00e9cret au Journal officiel, tout le monde peut les consulter dans notre salle de lecture, sur simple pr\u00e9sentation de la carte d\u2019identit\u00e9, explique Zo\u00e9 Dureau-Man\u00e9ra, directrice adjointe aux archives d\u00e9partementales de la Haute-Garonne et cheffe du service public et conservation. Ils sont class\u00e9s par ordre alphab\u00e9tique et par commune. Nous n\u2019avons pas toutes les villes de Haute-Garonne car certains cahiers ont \u00e9t\u00e9 envoy\u00e9s aux d\u00e9put\u00e9s ou au <a href=\"https:\/\/www.leparisien.fr\/politique\/grand-debat-comment-les-cahiers-de-doleances-vont-etre-traites-21-02-2019-8016915.php\" target=\"_self\" rel=\"noopener\">Grand d\u00e9bat<\/a> : par exemple, nous n\u2019avons pas ceux de Toulouse. \u00bb<\/p>\n<p>\u00ab Un service sp\u00e9cial d\u2019honn\u00eatet\u00e9 pour contrer l\u2019\u00e9vasion fiscale \u00bb<\/p>\n<p class=\"paragraph text_align_left\">Au fil des pages, les citoyens y expriment leurs pr\u00e9conisations \u00e9conomiques et sociales, leurs demandes de changement politique. Dans le cahier du village d\u2019Estancarbon, petit village du sud de la Haute-Garonne, un contributeur r\u00e9clame \u00ab une revalorisation des pensions de retraite, la baisse de la CSG et un r\u00e9el service public de sant\u00e9 \u00bb.<\/p>\n<p class=\"paragraph text_align_left\">Certaines dol\u00e9ances sont argument\u00e9es, d\u2019autres auteurs pr\u00e9f\u00e8rent dresser un inventaire \u00e0 la Pr\u00e9vert. Dans les contributions re\u00e7ues par la ville de Cugnaux, pr\u00e8s de Toulouse, un habitant demande \u00ab un service sp\u00e9cial d\u2019honn\u00eatet\u00e9 pour contrer l\u2019\u00e9vasion fiscale \u00bb. Baisse des avantages et du salaire des anciens pr\u00e9sidents de la R\u00e9publique et des ministres, reconnaissance du vote blanc, suppression du S\u00e9nat, r\u00e9f\u00e9rendum d\u2019initiative citoyenne, partage des richesses \u00e9quitable ou in\u00e9ligibilit\u00e9 des politiques en cas de condamnation sont des dol\u00e9ances qui reviennent souvent.<\/p>\n<p class=\"paragraph text_align_left\">Mine d\u2019information sur la soci\u00e9t\u00e9, une \u00e9quipe de chercheurs des universit\u00e9s toulousaines travaillent actuellement sur les cahiers pour analyser la r\u00e9currence des dol\u00e9ances ou leur contenu selon les territoires et les communes. Ils int\u00e9ressent \u00e9galement le monde artistique : le com\u00e9dien toulousain Fabrice Gu\u00e9rin les a notamment consult\u00e9s en vue d\u2019une r\u00e9sidence du 2 au 6 f\u00e9vrier 2026 \u00e0 l\u2019espace Roguet \u00e0 Toulouse, en vue d\u2019un spectacle qui en reprendrait des extraits.<\/p>\n","protected":false},"excerpt":{"rendered":"Ils sont manuscrits ou dactylographi\u00e9s et peuvent \u00eatre \u00e9crits dans des cahiers d\u2019\u00e9coliers ou sur des feuilles volantes&hellip;\n","protected":false},"author":2,"featured_media":145795,"comment_status":"","ping_status":"","sticky":false,"template":"","format":"standard","meta":{"footnotes":""},"categories":[2816],"tags":[1111,917,11,459,1777,674,1011,27,4623,12,2680,25,104,2312],"class_list":{"0":"post-145794","1":"post","2":"type-post","3":"status-publish","4":"format-standard","5":"has-post-thumbnail","7":"category-toulouse","8":"tag-actu","9":"tag-actu-locale","10":"tag-actualites","11":"tag-departements-horsidfo","12":"tag-eu","13":"tag-europe","14":"tag-fr","15":"tag-france","16":"tag-haute-garonne-31","17":"tag-news","18":"tag-occitanie","19":"tag-republique-francaise","20":"tag-societe","21":"tag-toulouse"},"share_on_mastodon":{"url":"https:\/\/pubeurope.com\/@fr\/114612449012811248","error":""},"_links":{"self":[{"href":"https:\/\/www.europesays.com\/fr\/wp-json\/wp\/v2\/posts\/145794","targetHints":{"allow":["GET"]}}],"collection":[{"href":"https:\/\/www.europesays.com\/fr\/wp-json\/wp\/v2\/posts"}],"about":[{"href":"https:\/\/www.europesays.com\/fr\/wp-json\/wp\/v2\/types\/post"}],"author":[{"embeddable":true,"href":"https:\/\/www.europesays.com\/fr\/wp-json\/wp\/v2\/users\/2"}],"replies":[{"embeddable":true,"href":"https:\/\/www.europesays.com\/fr\/wp-json\/wp\/v2\/comments?post=145794"}],"version-history":[{"count":0,"href":"https:\/\/www.europesays.com\/fr\/wp-json\/wp\/v2\/posts\/145794\/revisions"}],"wp:featuredmedia":[{"embeddable":true,"href":"https:\/\/www.europesays.com\/fr\/wp-json\/wp\/v2\/media\/145795"}],"wp:attachment":[{"href":"https:\/\/www.europesays.com\/fr\/wp-json\/wp\/v2\/media?parent=145794"}],"wp:term":[{"taxonomy":"category","embeddable":true,"href":"https:\/\/www.europesays.com\/fr\/wp-json\/wp\/v2\/categories?post=145794"},{"taxonomy":"post_tag","embeddable":true,"href":"https:\/\/www.europesays.com\/fr\/wp-json\/wp\/v2\/tags?post=145794"}],"curies":[{"name":"wp","href":"https:\/\/api.w.org\/{rel}","templated":true}]}}