{"id":145803,"date":"2025-06-02T06:57:12","date_gmt":"2025-06-02T06:57:12","guid":{"rendered":"https:\/\/www.europesays.com\/fr\/145803\/"},"modified":"2025-06-02T06:57:12","modified_gmt":"2025-06-02T06:57:12","slug":"vous-etes-interesse-e-par-les-metiers-du-digital-rendez-vous-le-14-juin-aux-portes-ouvertes-de-leemi-lyon-lecole-des-metiers-du-digital","status":"publish","type":"post","link":"https:\/\/www.europesays.com\/fr\/145803\/","title":{"rendered":"Vous \u00eates interess\u00e9.e par les m\u00e9tiers du digital ? Rendez-vous le 14 juin aux portes ouvertes de l&rsquo;EEMI Lyon, l&rsquo;\u00e9cole des m\u00e9tiers du Digital !"},"content":{"rendered":"<p>Marketing digital, D\u00e9veloppement web, Design, le tout avec une forte dimension entrepreneuriale : de quoi trouver le m\u00e9tier fait pour vous !<\/p>\n<p>Fond\u00e9e par trois des plus grands noms du web en Europe \u2013 Jacques-Antoine Granjon de veepee.com, Xavier Niel de Free et Marc Simoncini de Meetic \u2013 l\u2019EEMI, l\u2019\u00e9cole des m\u00e9tiers du digital, propose des formations post-bac en 3 ou 5 ans, en alternance ou en initial.<\/p>\n<p><strong>Rejoignez le campus de Lyon\u00a0!<\/strong><\/p>\n<p>Pr\u00eat.e \u00e0 d\u00e9couvrir votre futur campus et commencez un programme d\u2019accompagnement personnalis\u00e9 ? Bloquez votre agenda le 14 juin !<\/p>\n<p>Au programme\u00a0:<\/p>\n<ul>&#13;<\/p>\n<li>Rencontre avec nos \u00e9tudiant.es<\/li>\n<p>&#13;<\/p>\n<li>Immersion dans les m\u00e9tiers d\u2019avenir avec des ateliers (animer et f\u00e9d\u00e9rer une communaut\u00e9 sur les r\u00e9seaux sociaux, cr\u00e9er et g\u00e9rer des campagnes publicitaires en ligne, initiation \u00e0 l\u2019IA g\u00e9n\u00e9rative)<\/li>\n<p>&#13;<\/p>\n<li>\u00c9changes avec l\u2019\u00e9quipe autour de votre projet professionnel et de votre orientation<\/li>\n<p>&#13;\n<\/ul>\n<p><strong>Ne manquez pas cette occasion de prendre une longueur d\u2019avance dans votre carri\u00e8re.<\/strong><\/p>\n<p><strong>Infos pratiques<\/strong><\/p>\n<p>Samedi 14 Juin 2025 de 14h \u00e0 17h<br \/>&#13;<br \/>\n<strong>59 rue Denuzi\u00e8re, 69002 Lyon<\/strong><\/p>\n<p><a href=\"https:\/\/share-eu1.hsforms.com\/11bNJpJ3ZQluaed9GoofKkQfsik6?__hstc=245662683.9cd118c928e42c5cd6eba2d1e3c44139.1747987431277.1747990983389.1748338936136.3&amp;__hssc=245662683.8.1748338936136&amp;__hsfp=1559070467\" target=\"_blank\" rel=\"noopener\">S\u2019inscrire aux portes ouvertes<\/a><br \/>&#13;<br \/>\n<a href=\"https:\/\/www.eemi.com\/campus\/lyon\/\" target=\"_blank\" rel=\"noopener\">En savoir plus sur EEMI Lyon<\/a><\/p>\n<p style=\"text-align:center\"><img loading=\"lazy\" decoding=\"async\" alt=\"\" height=\"400\" src=\"https:\/\/www.europesays.com\/fr\/wp-content\/uploads\/2025\/06\/eemi-lyon-8-2.jpg\" width=\"600\"\/><\/p>\n<p><strong>Pourquoi choisir l\u2019EEMI ?<\/strong><\/p>\n<p>Exp\u00e9rimenter par vous-m\u00eame est la cl\u00e9 : \u00e0 <a href=\"https:\/\/www.eemi.com\/\" target=\"_blank\" rel=\"noopener\">l\u2019EEMI<\/a> votre mont\u00e9e en comp\u00e9tences passe avant tout par des mises en situation r\u00e9elles, telles que vous serez amen\u00e9.e \u00e0 les vivre apr\u00e8s vos \u00e9tudes.<\/p>\n<p>Porteurs d\u2019une p\u00e9dagogie innovante, l\u2019EEMI vous garantit une formation en ad\u00e9quation avec vos besoins, les attentes des entreprises et les derni\u00e8res \u00e9volutions technologiques \u00e0 Paris, Lyon et Orl\u00e9ans.<\/p>\n<p><a href=\"https:\/\/www.eemi.com\/\" target=\"_blank\" rel=\"noopener\">L\u2019EEMI<\/a> vous propose des Bachelors et Mast\u00e8res qui vous permettent de vous former \u00e0 de nombreux m\u00e9tiers du digital, marketing digital, d\u00e9veloppement web et interactive design, le tout avec une forte dimension entrepreneuriale.<\/p>\n<p><strong>Si le digital pour vous est une \u00e9vidence, l\u2019EEMI est l\u2019\u00e9cole qui vous accompagnera dans le choix de votre exp\u00e9rience digitale selon votre personnalit\u00e9.<\/strong><\/p>\n<p>Choisir <a href=\"https:\/\/www.eemi.com\/\" target=\"_blank\" rel=\"noopener\">l\u2019EEMI<\/a> c\u2019est avant tout :<\/p>\n<ul>&#13;<\/p>\n<li>Un socle commun multi-comp\u00e9tences en 1\u00e8re et 2\u00e8me ann\u00e9e de Bachelor : d\u00e9veloppement web, design, e-business, marketing et gestion de projet<\/li>\n<p>&#13;<\/p>\n<li>Le choix de l\u2019alternance possible d\u00e8s la 1\u00e8re ann\u00e9e en Bachelor ou Mast\u00e8re<\/li>\n<p>&#13;<\/p>\n<li>3 sp\u00e9cialisations au choix en 3\u00e8me ann\u00e9e de Bachelor\u00a0<\/li>\n<p>&#13;<\/p>\n<li>Des dipl\u00f4mes reconnus par l\u2019\u00c9tat (RNCP niveau 6 et 7) qui contribuent \u00e0 donner aux \u00e9tudiant.es de la visibilit\u00e9 sur le march\u00e9 de l\u2019emploi et aux entreprises partenaires, de plus en plus nombreuses, offrant stages et contrats d\u2019alternance durant la formation, mais aussi des postes sur mesure d\u00e8s la fin des \u00e9tudes<\/li>\n<p>&#13;<\/p>\n<li>Nos \u00e9tudiant.es r\u00e9parti.es en classe de 25 personnes pour un meilleur encadrement<\/li>\n<p>&#13;\n<\/ul>\n<ul>&#13;<\/p>\n<li>Une proximit\u00e9 professeurs et \u00e9tudiant.es pour un accompagnement p\u00e9dagogique optimal<\/li>\n<p>&#13;<\/p>\n<li>Des Workshops d\u00e9di\u00e9s \u00e0 la r\u00e9alisation d\u2019un projet digital en \u00e9quipe<\/li>\n<p>&#13;\n<\/ul>\n<ul>&#13;<\/p>\n<li>Un incubateur entrepreneurial commun accessible aux \u00e9tudiant.es et Alumni EEMI x Istec pour innover, cr\u00e9er et entreprendre<\/li>\n<p>&#13;\n<\/ul>\n<p><strong>Int\u00e9grez l\u2019EEMI, la meilleure \u00e9cole du web et \u00e9crivez votre success story !<\/strong><\/p>\n<p style=\"text-align:center\"><img loading=\"lazy\" decoding=\"async\" alt=\"\" height=\"400\" src=\"https:\/\/www.europesays.com\/fr\/wp-content\/uploads\/2025\/06\/eemi-lyon-14.jpg\" width=\"600\"\/><\/p>\n","protected":false},"excerpt":{"rendered":"Marketing digital, D\u00e9veloppement web, Design, le tout avec une forte dimension entrepreneuriale : de quoi trouver le m\u00e9tier&hellip;\n","protected":false},"author":2,"featured_media":145804,"comment_status":"","ping_status":"","sticky":false,"template":"","format":"standard","meta":{"footnotes":""},"categories":[1889],"tags":[1111,11,2813,2190,2430,1109,251,1112,2811,1777,674,118,1011,27,1922,1110,1114,2428,2810,12,241,316,25,2812,517,800],"class_list":{"0":"post-145803","1":"post","2":"type-post","3":"status-publish","4":"format-standard","5":"has-post-thumbnail","7":"category-lyon","8":"tag-actu","9":"tag-actualites","10":"tag-article","11":"tag-asvel","12":"tag-auvergne-rhone-alpes","13":"tag-breves","14":"tag-culture","15":"tag-depeches","16":"tag-economique","17":"tag-eu","18":"tag-europe","19":"tag-faits-divers","20":"tag-fr","21":"tag-france","22":"tag-info","23":"tag-informations","24":"tag-infos","25":"tag-lyon","26":"tag-lyonmag","27":"tag-news","28":"tag-ol","29":"tag-politique","30":"tag-republique-francaise","31":"tag-sociale","32":"tag-sport","33":"tag-transports"},"share_on_mastodon":{"url":"https:\/\/pubeurope.com\/@fr\/114612472795893310","error":""},"_links":{"self":[{"href":"https:\/\/www.europesays.com\/fr\/wp-json\/wp\/v2\/posts\/145803","targetHints":{"allow":["GET"]}}],"collection":[{"href":"https:\/\/www.europesays.com\/fr\/wp-json\/wp\/v2\/posts"}],"about":[{"href":"https:\/\/www.europesays.com\/fr\/wp-json\/wp\/v2\/types\/post"}],"author":[{"embeddable":true,"href":"https:\/\/www.europesays.com\/fr\/wp-json\/wp\/v2\/users\/2"}],"replies":[{"embeddable":true,"href":"https:\/\/www.europesays.com\/fr\/wp-json\/wp\/v2\/comments?post=145803"}],"version-history":[{"count":0,"href":"https:\/\/www.europesays.com\/fr\/wp-json\/wp\/v2\/posts\/145803\/revisions"}],"wp:featuredmedia":[{"embeddable":true,"href":"https:\/\/www.europesays.com\/fr\/wp-json\/wp\/v2\/media\/145804"}],"wp:attachment":[{"href":"https:\/\/www.europesays.com\/fr\/wp-json\/wp\/v2\/media?parent=145803"}],"wp:term":[{"taxonomy":"category","embeddable":true,"href":"https:\/\/www.europesays.com\/fr\/wp-json\/wp\/v2\/categories?post=145803"},{"taxonomy":"post_tag","embeddable":true,"href":"https:\/\/www.europesays.com\/fr\/wp-json\/wp\/v2\/tags?post=145803"}],"curies":[{"name":"wp","href":"https:\/\/api.w.org\/{rel}","templated":true}]}}