{"id":145821,"date":"2025-06-02T07:12:13","date_gmt":"2025-06-02T07:12:13","guid":{"rendered":"https:\/\/www.europesays.com\/fr\/145821\/"},"modified":"2025-06-02T07:12:13","modified_gmt":"2025-06-02T07:12:13","slug":"en-direct-guerre-en-ukraine-la-russie-dit-avoir-abattu-162-drones-ukrainiens-dans-la-nuit","status":"publish","type":"post","link":"https:\/\/www.europesays.com\/fr\/145821\/","title":{"rendered":"EN DIRECT &#8211; Guerre en Ukraine : la Russie dit avoir abattu 162 drones ukrainiens dans la nuit"},"content":{"rendered":"<p>La Russie a annonc\u00e9 lundi avoir abattu dans la nuit 162 drones ukrainiens, dont la majorit\u00e9 dans les r\u00e9gions de Koursk et de Belgorod, frontali\u00e8res de l&rsquo;Ukraine, au moment o\u00f9 de nouveaux pourparlers directs entre Russes et Ukrainiens doivent commencer \u00e0 Istanbul.Suivez les derni\u00e8res informations.<a href=\"https:\/\/www.tf1info.fr\/actualite\/guerre-en-ukraine-une-treve-en-negociation-13895\/\" rel=\"noopener\" class=\"jsx-3118104007 Link jsx-1428418400 jsx-554215408\" target=\"_blank\"><\/p>\n<p style=\"font-weight:400\" class=\"jsx-1837267516\">Suivez la couverture compl\u00e8te<\/p>\n<p style=\"font-weight:800\" class=\"jsx-1837267516\">Guerre en Ukraine : une tr\u00eave en n\u00e9gociation<\/p>\n<p><\/a>Minute par minute08:37SIX BLESSES A KHARKIV <\/p>\n<p>La Russie a attaqu\u00e9 la ville de Kharkiv dans la nuit avec des drones et des missiles balistiques, blessant au moins six personnes, dont un enfant, selon les autorit\u00e9s locales. Des frappes sur le district de Kholodnohirskyi ont bless\u00e9 six personnes, dont un gar\u00e7on de 7 ans, a rapport\u00e9 le maire de Kharkiv, Ihor Terekhov.<\/p>\n<p>08:32KIEV A ISTANBUL<\/p>\n<p>La d\u00e9l\u00e9gation ukrainienne est arriv\u00e9e \u00e0 Istanbul pour reprendre les pourparlers de paix avec la Russie, selon un porte-parole du minist\u00e8re des Affaires \u00e9trang\u00e8res. La Russie n\u2019a pas encore officiellement soumis son m\u00e9morandum d\u00e9finissant les conditions de paix, mais l\u2019Ukraine pr\u00e9voit de pr\u00e9senter une feuille de route d\u00e9taill\u00e9e visant \u00e0 garantir une paix durable.<\/p>\n<p>08:12DES DRONES UKRAINIENS ABATTUS <\/p>\n<p>La Russie annonce avoir abattu dans la nuit 162 drones ukrainiens, dont la majorit\u00e9 dans les r\u00e9gions de Koursk et de Belgorod, frontali\u00e8res de l&rsquo;Ukraine, au moment o\u00f9 de nouveaux pourparlers directs entre Russes et Ukrainiens doivent commencer \u00e0 Istanbul. \u00ab\u00a0Les syst\u00e8mes de d\u00e9fense antia\u00e9rienne ont intercept\u00e9 et d\u00e9truit 162 drones a\u00e9riens ukrainiens\u00a0\u00bb entre 17h10 et 23h00 dimanche, a indiqu\u00e9 le minist\u00e8re russe de la D\u00e9fense dans un communiqu\u00e9.<\/p>\n<p>Les drones ont essentiellement vis\u00e9 la r\u00e9gion de Koursk (57) et celle de Belgorod (31), selon la m\u00eame source. Cette annonce intervient alors que des d\u00e9l\u00e9gations russe et ukrainienne doivent se rencontrer \u00e0 nouveau lundi \u00e0 Istanbul dans la perspective, qui para\u00eet encore lointaine, de mettre fin au conflit d\u00e9clench\u00e9 par l&rsquo;assaut russe \u00e0 grande \u00e9chelle contre l&rsquo;Ukraine en f\u00e9vrier 2022.<\/p>\n<p>Hier \u00e0 la veille de ces discussions tr\u00e8s attendues, l&rsquo;Ukraine a men\u00e9 une vaste attaque coordonn\u00e9e de drones contre des a\u00e9rodromes militaires en Russie, jusqu&rsquo;en Sib\u00e9rie, Moscou confirmant ensuite que plusieurs avions avaient \u00ab\u00a0pris feu\u00a0\u00bb. L&rsquo;Ukraine envoie r\u00e9guli\u00e8rement des drones en Russie, en r\u00e9ponse aux attaques a\u00e9riennes quotidiennes contre son territoire.<\/p>\n<p>07:11R\u00c9SULTATS EN POLOGNE<\/p>\n<p>En Pologne, le candidat nationaliste a remport\u00e9 l&rsquo;\u00e9lection pr\u00e9sidentielle au terme d&rsquo;un second tour ultra-serr\u00e9. C&rsquo;est loin d&rsquo;\u00eatre une bonne nouvelle pour l&rsquo;Ukraine, pays frontalier : Karol Nawrocki veut r\u00e9duire entre autres les droits accord\u00e9s aux r\u00e9fugi\u00e9s ukrainiens dans le pays, depuis l&rsquo;invasion russe de 2022.\u00a0<\/p>\n<p>07:08MOSCOU ET WASHINGTON SE PARLENT<\/p>\n<p>Hier, le chef de la diplomatie russe s&rsquo;est entretenu au t\u00e9l\u00e9phone avec son homologue am\u00e9ricain, avant un nouveau cycle de pourparlers avec l&rsquo;Ukraine \u00e0 Istanbul ce lundi. Sergue\u00ef Lavrov et Marco Rubio \u00ab\u00a0ont discut\u00e9 de la situation li\u00e9e \u00e0 la crise ukrainienne\u00a0\u00bb, selon le minist\u00e8re russe des Affaires \u00e9trang\u00e8res.<\/p>\n<p>Les deux responsables ont \u00ab\u00a0\u00e9chang\u00e9 leurs points de vue sur diverses initiatives visant \u00e0 un r\u00e8glement politique de la crise ukrainienne, notamment les plans de reprise des n\u00e9gociations directes entre la Russie et l&rsquo;Ukraine \u00e0 Istanbul le 2 juin\u00a0\u00bb, a-t-il ajout\u00e9. Cet entretien se produit aussi le jour d&rsquo;une attaque sans pr\u00e9c\u00e9dent de drones ukrainiens contre l&rsquo;aviation militaire russe.<\/p>\n<p>06:45&Prime;C&rsquo;EST PEARL HARBOR\u00a0\u00bb<\/p>\n<p>Des d\u00e9l\u00e9gations russe et ukrainienne doivent se rencontrer \u00e0 nouveau lundi \u00e0 Istanbul, dans la perspective qui para\u00eet encore lointaine de mettre fin \u00e0 la guerre d\u00e9clench\u00e9e par l&rsquo;invasion russe de l&rsquo;Ukraine en f\u00e9vrier 2022. Moscou et Kiev avaient d\u00e9j\u00e0 engag\u00e9 de premi\u00e8res discussions directes le 16 mai dans la m\u00e9tropole turque, mais le rendez-vous avait \u00e9t\u00e9 peu fructueux, les deux pays ne s&rsquo;engageant que sur un \u00e9change de prisonniers \u00e0 grande \u00e9chelle. La nouvelle rencontre intervient au lendemain de l&rsquo;une des attaques ukrainiennes les plus audacieuses et r\u00e9ussies jamais men\u00e9es sur le sol russe, jusqu&rsquo;en Sib\u00e9rie.<\/p>\n<p>\u00ab\u00a0C&rsquo;est Pearl Harbor\u00a0\u00bb : Kiev frappe jusqu&rsquo;en Sib\u00e9rieSource : TF1 Info<\/p>\n<p><img decoding=\"async\" src=\"https:\/\/www.europesays.com\/fr\/wp-content\/uploads\/2025\/06\/c-est-pearl-harbor-kiev-frappe-jusqu-en-siberie-e7fd77-0@1x.jpeg\" alt=\"&quot;C'est Pearl Harbor&quot; : Kiev frappe jusqu'en Sib\u00e9rie\" loading=\"lazy\" importance=\"low\" fetchpriority=\"low\" class=\"\"\/><img decoding=\"async\" src=\"https:\/\/www.europesays.com\/fr\/wp-content\/uploads\/2025\/04\/player-logo-play.svg.svg+xml\" alt=\"Logo lecture\" class=\"jsx-d0de44c05fe3042c PlayerLazyload__Play\"\/>06:42BIENVENUE<\/p>\n<p>Bonjour \u00e0 toutes et \u00e0 tous et bienvenue dans ce direct du lundi 2 juin consacr\u00e9 \u00e0 la guerre entre l&rsquo;Ukraine et la Russie.<\/p>\n<p data-module=\"article-paragraph\" class=\"jsx-362436225 Paragraph\">Un rendez-vous et de nombreuses incertitudes. Dimanche 1er juin, le chef de la diplomatie russe Sergue\u00ef Lavrov s&rsquo;est entretenu au t\u00e9l\u00e9phone avec son homologue am\u00e9ricain Marco Rubio, notamment pour \u00e9voquer <a href=\"https:\/\/www.tf1info.fr\/international\/guerre-ukraine-russie-moscou-propose-a-kiev-de-nouveaux-pourparlers-a-istanbul-lundi-2373676.html\" target=\"_blank\" rel=\"noopener\">le nouveau cycle de pourparlers avec l&rsquo;Ukraine \u00e0 Istanbul lundi<\/a>, a indiqu\u00e9 le minist\u00e8re russe des Affaires \u00e9trang\u00e8res. \u00ab\u00a0Ils ont discut\u00e9 de la situation li\u00e9e \u00e0 la crise ukrainienne\u00a0\u00bb, a dit le minist\u00e8re dans un communiqu\u00e9.<\/p>\n<p data-module=\"article-paragraph\" class=\"jsx-362436225 Paragraph Paragraph__End\">Les deux responsables ont \u00ab\u00a0\u00e9chang\u00e9 leurs points de vue sur diverses initiatives visant \u00e0 un r\u00e8glement politique de la crise ukrainienne, notamment les plans de reprise des n\u00e9gociations directes entre la Russie et l&rsquo;Ukraine \u00e0 Istanbul le 2 juin\u00a0\u00bb, a-t-il ajout\u00e9. Cet entretien se produit aussi <a href=\"https:\/\/www.tf1info.fr\/international\/des-bombardiers-russes-frappes-dans-leurs-aerodromes-ce-que-l-on-sait-de-l-operation-ukrainienne-toile-d-araignee-2374320.html\" target=\"_blank\" rel=\"noopener\">le jour d&rsquo;une attaque sans pr\u00e9c\u00e9dent de drones ukrainiens<\/a> contre l&rsquo;aviation militaire russe.<\/p>\n<p data-module=\"article-paragraph\" class=\"jsx-362436225 Paragraph\">Sergue\u00ef Lavrov et Marco Rubio ont eu plusieurs entretiens t\u00e9l\u00e9phoniques ces derni\u00e8res semaines. Mercredi, le chef de la diplomatie russe avait notamment expliqu\u00e9 les \u00ab\u00a0pr\u00e9paratifs\u00a0\u00bb russes avant les pourparlers d&rsquo;Istanbul. Des d\u00e9l\u00e9gations russes et ukrainiennes doivent tenir des n\u00e9gociations lundi \u00e0 Istanbul, apr\u00e8s une premi\u00e8re r\u00e9union peu fructueuse le 16 mai. Le pr\u00e9sident ukrainien Volodymyr Zelensky a notamment appel\u00e9 dimanche \u00e0 un \u00ab\u00a0cessez-le-feu complet et inconditionnel\u00a0\u00bb, que Moscou refuse pour l&rsquo;instant.<\/p>\n<p data-module=\"article-paragraph\" class=\"jsx-362436225 Paragraph Paragraph__End\">Le pr\u00e9sident am\u00e9ricain Donald Trump, qui avait promis une fin rapide du conflit durant sa campagne, pousse les deux parties \u00e0 trouver un accord au plus vite. Mais malgr\u00e9 les efforts diplomatiques, les positions de la Russie et de l&rsquo;Ukraine semblent pour l&rsquo;heure inconciliables.<\/p>\n<ul class=\"jsx-3657663356 ReadMoreArticle__List flex flex-column\">\n<li class=\"jsx-3657663356\"><a href=\"https:\/\/www.tf1info.fr\/international\/guerre-en-ukraine-russie-nouvelles-evacuations-dans-la-region-de-soumy-la-menace-russe-de-plus-en-plus-forte-2374196.html\" rel=\"noopener\" class=\"jsx-4233824444 Link flex\" target=\"_blank\"><img decoding=\"async\" src=\"https:\/\/www.europesays.com\/fr\/wp-content\/uploads\/2025\/06\/soldats-russes-parade-du-9-05-24-a-moscou-199c80-0@1x.jpeg\" alt=\"Lire aussi\" loading=\"lazy\" importance=\"low\" fetchpriority=\"low\" class=\"\"\/>\n<p class=\"jsx-3657663356 ReadMoreArticle__Title\">Lire aussi<\/p>\n<p class=\"jsx-3657663356\">Guerre en Ukraine : nouvelles \u00e9vacuations dans la r\u00e9gion de Soumy, la menace russe de plus en plus forte ?<\/p>\n<p><\/a><\/li>\n<\/ul>\n<p data-module=\"article-paragraph\" class=\"jsx-362436225 Paragraph\">Le minist\u00e8re russe, cit\u00e9 par les agences d&rsquo;\u00c9tat, a affirm\u00e9 que Marco Rubio avait pr\u00e9sent\u00e9 ses \u00ab\u00a0sinc\u00e8res condol\u00e9ances aux victimes civiles\u00a0\u00bb <a href=\"https:\/\/www.tf1info.fr\/international\/des-explosions-en-pleine-nuit-ce-que-l-on-sait-de-l-effondrement-de-2-ponts-en-quelques-heures-en-russie-2374307.html\" target=\"_blank\" rel=\"noopener\">d&rsquo;accidents de train provoqu\u00e9s par l&rsquo;effondrement de ponts en Russie<\/a> dimanche. Au moins sept personnes ont \u00e9t\u00e9 tu\u00e9s, selon les autorit\u00e9s russes, qui ont dit enqu\u00eater sur des \u00ab\u00a0actes de terrorisme\u00a0\u00bb. Ces faits se sont produits dans les r\u00e9gions de Koursk et Briansk, frontali\u00e8res de l&rsquo;Ukraine, m\u00eame si aucun \u00e9l\u00e9ment ne permet pour l&rsquo;heure d&rsquo;assurer que Kiev y est li\u00e9.<\/p>\n<p data-module=\"article-paragraph\" class=\"jsx-362436225 Paragraph Paragraph__End\">Le minist\u00e8re russe des Affaires \u00e9trang\u00e8res a indiqu\u00e9 que les autorit\u00e9s \u00ab\u00a0m\u00e8nent une enqu\u00eate tr\u00e8s approfondie\u00a0\u00bb. \u00ab\u00a0Les coupables seront imp\u00e9rativement identifi\u00e9s et recevront la peine qu&rsquo;ils m\u00e9ritent\u00a0\u00bb, a-t-il ajout\u00e9.<\/p>\n<p>La r\u00e9daction de TF1info<\/p>\n","protected":false},"excerpt":{"rendered":"La Russie a annonc\u00e9 lundi avoir abattu dans la nuit 162 drones ukrainiens, dont la majorit\u00e9 dans les&hellip;\n","protected":false},"author":2,"featured_media":145822,"comment_status":"","ping_status":"","sticky":false,"template":"","format":"standard","meta":{"footnotes":""},"categories":[1590],"tags":[1111,11,1921,5925,1777,674,1918,1922,12,2543,132,220,133,1920],"class_list":{"0":"post-145821","1":"post","2":"type-post","3":"status-publish","4":"format-standard","5":"has-post-thumbnail","7":"category-ukraine","8":"tag-actu","9":"tag-actualites","10":"tag-article-video","11":"tag-conflits-et-guerre","12":"tag-eu","13":"tag-europe","14":"tag-guerre-en-ukraine-une-treve-en-negociation","15":"tag-info","16":"tag-news","17":"tag-relations-internationales","18":"tag-russie","19":"tag-ukraine","20":"tag-video","21":"tag-video-international"},"share_on_mastodon":{"url":"https:\/\/pubeurope.com\/@fr\/114612531723805689","error":""},"_links":{"self":[{"href":"https:\/\/www.europesays.com\/fr\/wp-json\/wp\/v2\/posts\/145821","targetHints":{"allow":["GET"]}}],"collection":[{"href":"https:\/\/www.europesays.com\/fr\/wp-json\/wp\/v2\/posts"}],"about":[{"href":"https:\/\/www.europesays.com\/fr\/wp-json\/wp\/v2\/types\/post"}],"author":[{"embeddable":true,"href":"https:\/\/www.europesays.com\/fr\/wp-json\/wp\/v2\/users\/2"}],"replies":[{"embeddable":true,"href":"https:\/\/www.europesays.com\/fr\/wp-json\/wp\/v2\/comments?post=145821"}],"version-history":[{"count":0,"href":"https:\/\/www.europesays.com\/fr\/wp-json\/wp\/v2\/posts\/145821\/revisions"}],"wp:featuredmedia":[{"embeddable":true,"href":"https:\/\/www.europesays.com\/fr\/wp-json\/wp\/v2\/media\/145822"}],"wp:attachment":[{"href":"https:\/\/www.europesays.com\/fr\/wp-json\/wp\/v2\/media?parent=145821"}],"wp:term":[{"taxonomy":"category","embeddable":true,"href":"https:\/\/www.europesays.com\/fr\/wp-json\/wp\/v2\/categories?post=145821"},{"taxonomy":"post_tag","embeddable":true,"href":"https:\/\/www.europesays.com\/fr\/wp-json\/wp\/v2\/tags?post=145821"}],"curies":[{"name":"wp","href":"https:\/\/api.w.org\/{rel}","templated":true}]}}