{"id":145824,"date":"2025-06-02T07:14:18","date_gmt":"2025-06-02T07:14:18","guid":{"rendered":"https:\/\/www.europesays.com\/fr\/145824\/"},"modified":"2025-06-02T07:14:18","modified_gmt":"2025-06-02T07:14:18","slug":"sahara-marocain-le-royaume-uni-soutient-le-plan-dautonomie-comme-la-base-la-plus-credible","status":"publish","type":"post","link":"https:\/\/www.europesays.com\/fr\/145824\/","title":{"rendered":"Sahara marocain. Le Royaume-Uni soutient le Plan d\u2019autonomie comme la base la plus cr\u00e9dible"},"content":{"rendered":"<p>Le Royaume-Uni consid\u00e8re la proposition d\u2019autonomie pr\u00e9sent\u00e9e par le Maroc en 2007 comme la base la plus cr\u00e9dible, viable et pragmatique pour un r\u00e8glement durable du diff\u00e9rend r\u00e9gional autour du Sahara marocain. Londres continuera d\u2019agir, tant sur le plan bilat\u00e9ral, notamment en mati\u00e8re \u00e9conomique, que sur les plans r\u00e9gional et international, conform\u00e9ment \u00e0 cette position, afin de soutenir le r\u00e8glement du diff\u00e9rend.<\/p>\n<p>Cette position a \u00e9t\u00e9 exprim\u00e9e dans un communiqu\u00e9 conjoint sign\u00e9, dimanche 1er juin \u00e0 Rabat, par le Secr\u00e9taire d\u2019\u00c9tat britannique aux Affaires \u00e9trang\u00e8res, au Commonwealth et au D\u00e9veloppement, David Lammy, et <a href=\"https:\/\/x.com\/MarocDiplomatie\/status\/1929273855522083025\" target=\"_blank\" rel=\"noopener\">le ministre des Affaires \u00e9trang\u00e8res, de la Coop\u00e9ration africaine et des Marocains r\u00e9sidant \u00e0 l\u2019\u00e9tranger, Nasser Bourita<\/a>.<\/p>\n<p>Le communiqu\u00e9 souligne que \u00ab\u00a0le Royaume-Uni suit de pr\u00e8s la dynamique positive actuelle men\u00e9e \u00e0 cet \u00e9gard sous le leadership de Sa Majest\u00e9 le Roi Mohammed VI\u00a0\u00bb. Il pr\u00e9cise que Londres \u00ab\u00a0reconna\u00eet l\u2019importance de la question du Sahara pour le Maroc\u00a0\u00bb, et affirme que la r\u00e9solution de ce diff\u00e9rend r\u00e9gional \u00ab\u00a0renforcerait la stabilit\u00e9 de l\u2019Afrique du Nord et relancerait la dynamique bilat\u00e9rale et l\u2019int\u00e9gration r\u00e9gionale\u00a0\u00bb.<\/p>\n<p>En outre, le Royaume-Uni a confirm\u00e9, dans ce communiqu\u00e9 conjoint sign\u00e9 au si\u00e8ge du minist\u00e8re des Affaires \u00e9trang\u00e8res, que UK Export Finance peut envisager de soutenir des projets au Sahara, notamment dans le cadre de son engagement \u00e0 mobiliser 5 milliards de livres sterling pour soutenir de nouveaux projets \u00e9conomiques \u00e0 travers le pays.<\/p>\n<p>Le Maroc, un partenaire pour la croissance en Afrique<\/p>\n<p>Le communiqu\u00e9 rappelle \u00e9galement que \u00ab\u00a0le Royaume-Uni reconna\u00eet le Maroc comme une porte d\u2019entr\u00e9e essentielle pour le d\u00e9veloppement socio-\u00e9conomique de l\u2019Afrique et r\u00e9affirme son engagement \u00e0 approfondir sa collaboration avec le Maroc en tant que partenaire pour la croissance sur tout le continent\u00a0\u00bb.<\/p>\n<p>Par ailleurs, les deux pays soutiennent et consid\u00e8rent comme essentiel le r\u00f4le central du processus men\u00e9 par les Nations unies, et r\u00e9affirment \u00ab\u00a0leur plein soutien aux efforts d\u00e9ploy\u00e9s par l\u2019Envoy\u00e9 personnel du Secr\u00e9taire g\u00e9n\u00e9ral des Nations unies, M. Staffan de Mistura\u00a0\u00bb.<\/p>\n<p>En particulier, le Royaume-Uni d\u00e9clare \u00eatre \u00ab\u00a0pr\u00eat, dispos\u00e9 et d\u00e9termin\u00e9 \u00e0 apporter son soutien actif et son engagement \u00e0 l\u2019Envoy\u00e9 personnel et aux parties\u00a0\u00bb.<\/p>\n<p>Enfin, le communiqu\u00e9 pr\u00e9cise qu\u2019en tant que membre permanent du Conseil de s\u00e9curit\u00e9 des Nations unies, le Royaume-Uni partage l\u2019avis du Maroc quant \u00e0 \u00ab\u00a0la n\u00e9cessit\u00e9 urgente de trouver une solution \u00e0 ce diff\u00e9rend de longue date, dans l\u2019int\u00e9r\u00eat des parties\u00a0\u00bb. \u00ab\u00a0Il est grand temps de trouver une solution et de faire avancer ce dossier, ce qui renforcerait la stabilit\u00e9 de l\u2019Afrique du Nord et relancerait la dynamique bilat\u00e9rale et l\u2019int\u00e9gration r\u00e9gionale\u00a0\u00bb, d\u00e9clare le communiqu\u00e9.<\/p>\n<p>Cette nouvelle position du Royaume-Uni, membre permanent du Conseil de s\u00e9curit\u00e9 de l\u2019ONU, conforte la dynamique internationale croissante, port\u00e9e par le Roi Mohammed VI en faveur du <a href=\"https:\/\/www.lecourrierdelatlas.com\/?s=Plan+d%27autonomie+marocain\" target=\"_blank\" rel=\"noopener\">Plan d\u2019autonomie sous souverainet\u00e9 marocaine<\/a>, et confirme la cr\u00e9dibilit\u00e9 de cette initiative ainsi que le consensus qui l\u2019entoure pour parvenir \u00e0 une solution d\u00e9finitive au diff\u00e9rend r\u00e9gional autour de la marocanit\u00e9 <a href=\"https:\/\/www.lecourrierdelatlas.com\/?s=Sahara+marocain\" target=\"_blank\" rel=\"noopener\">du Sahara<\/a>.<\/p>\n<p>\u00a0<\/p>\n","protected":false},"excerpt":{"rendered":"Le Royaume-Uni consid\u00e8re la proposition d\u2019autonomie pr\u00e9sent\u00e9e par le Maroc en 2007 comme la base la plus cr\u00e9dible,&hellip;\n","protected":false},"author":2,"featured_media":145825,"comment_status":"","ping_status":"","sticky":false,"template":"","format":"standard","meta":{"footnotes":""},"categories":[1588],"tags":[11,27481,27482,1777,674,22255,27483,12,27340,473,1853,27484,1851,1850,1852],"class_list":{"0":"post-145824","1":"post","2":"type-post","3":"status-publish","4":"format-standard","5":"has-post-thumbnail","7":"category-royaume-uni","8":"tag-actualites","9":"tag-diplomatie-maroc","10":"tag-diplomatie-royaume-uni","11":"tag-eu","12":"tag-europe","13":"tag-maroc-royaume-uni","14":"tag-maroc-afrique","15":"tag-news","16":"tag-plan-dautonomie-marocain","17":"tag-royaume-uni","18":"tag-royaume-uni-de-grande-bretagne-et-dirlande-du-nord","19":"tag-sahara-marocain","20":"tag-uk","21":"tag-united-kingdom","22":"tag-united-kingdom-of-great-britain-and-northern-ireland"},"share_on_mastodon":{"url":"https:\/\/pubeurope.com\/@fr\/114612539526867123","error":""},"_links":{"self":[{"href":"https:\/\/www.europesays.com\/fr\/wp-json\/wp\/v2\/posts\/145824","targetHints":{"allow":["GET"]}}],"collection":[{"href":"https:\/\/www.europesays.com\/fr\/wp-json\/wp\/v2\/posts"}],"about":[{"href":"https:\/\/www.europesays.com\/fr\/wp-json\/wp\/v2\/types\/post"}],"author":[{"embeddable":true,"href":"https:\/\/www.europesays.com\/fr\/wp-json\/wp\/v2\/users\/2"}],"replies":[{"embeddable":true,"href":"https:\/\/www.europesays.com\/fr\/wp-json\/wp\/v2\/comments?post=145824"}],"version-history":[{"count":0,"href":"https:\/\/www.europesays.com\/fr\/wp-json\/wp\/v2\/posts\/145824\/revisions"}],"wp:featuredmedia":[{"embeddable":true,"href":"https:\/\/www.europesays.com\/fr\/wp-json\/wp\/v2\/media\/145825"}],"wp:attachment":[{"href":"https:\/\/www.europesays.com\/fr\/wp-json\/wp\/v2\/media?parent=145824"}],"wp:term":[{"taxonomy":"category","embeddable":true,"href":"https:\/\/www.europesays.com\/fr\/wp-json\/wp\/v2\/categories?post=145824"},{"taxonomy":"post_tag","embeddable":true,"href":"https:\/\/www.europesays.com\/fr\/wp-json\/wp\/v2\/tags?post=145824"}],"curies":[{"name":"wp","href":"https:\/\/api.w.org\/{rel}","templated":true}]}}