{"id":145828,"date":"2025-06-02T07:16:11","date_gmt":"2025-06-02T07:16:11","guid":{"rendered":"https:\/\/www.europesays.com\/fr\/145828\/"},"modified":"2025-06-02T07:16:11","modified_gmt":"2025-06-02T07:16:11","slug":"leurope-attendue-dans-le-rouge-avec-le-regain-de-tensions-commerciales-actualise-02-06-2025-a-0845","status":"publish","type":"post","link":"https:\/\/www.europesays.com\/fr\/145828\/","title":{"rendered":"L&rsquo;Europe attendue dans le rouge avec le regain de tensions commerciales (actualis\u00e9) &#8211; 02\/06\/2025 \u00e0 08:45"},"content":{"rendered":"<p>        <img fetchpriority=\"high\" decoding=\"async\" src=\"https:\/\/www.europesays.com\/fr\/wp-content\/uploads\/2025\/06\/0eba2e1d8e58861d4c7652d7f75dd3e2-760x495.jpg\" alt=\"Le graphique de l'indice allemand des prix des actions DAX est photographi\u00e9 \u00e0 la bourse de Francfort\" loading=\"eager\" width=\"760\" height=\"495\" style=\"max-width: 100%!important; height: auto;\"\/><\/p>\n<p class=\"c-image-news__legend\">Le graphique de l&rsquo;indice allemand des prix des actions DAX est photographi\u00e9 \u00e0 la bourse de Francfort<\/p>\n<p>\n par Augustin  Turpin\n<\/p>\n<p>\n Les principales Bourses europ\u00e9ennes sont attendues dans le rouge lundi \u00e0 l&rsquo;ouverture, au premier jour d&rsquo;une semaine toujours marqu\u00e9e par le regain des tensions commerciales entre la Chine et les Etats-Unis, et avant une s\u00e9ance qui sera marqu\u00e9e par la publication des indices manufacturiers PMI pour plusieurs des grandes \u00e9conomies.\n<\/p>\n<p>\n Les contrats \u00e0 terme signalent une baisse de 0,54% pour le CAC 40 parisien, de 0,54% pour le Dax \u00e0 Francfort, de 0,11% pour le FTSE \u00e0 Londres et de 0,65% pour le Stoxx 600.\n<\/p>\n<p>\n La d\u00e9cision du pr\u00e9sident am\u00e9ricain Donald Trump, qui a annonc\u00e9 vendredi pr\u00e9voir de porter les droits de douane de 25% sur l&rsquo;acier \u00e0 50% \u00e0 compter du 4 juin, a suscit\u00e9 la col\u00e8re des n\u00e9gociateurs de l&rsquo;Union europ\u00e9enne.\n<\/p>\n<p>\n S&rsquo;exprimant dimanche, le secr\u00e9taire am\u00e9ricain au Tr\u00e9sor Scott Bessent a par ailleurs d\u00e9clar\u00e9 que Trump parlerait bient\u00f4t au pr\u00e9sident chinois Xi Jinping pour r\u00e9gler un diff\u00e9rend concernant les terres rares, une annonce minimis\u00e9e par P\u00e9kin.\n<\/p>\n<p>\n Des responsables de la Maison blanche ont \u00e9galement continu\u00e9 \u00e0 minimiser un jugement de la cour selon lequel Trump avait outrepass\u00e9 son autorit\u00e9 en imposant des droits de douane r\u00e9ciproques sur les importations en provenance des partenaires commerciaux am\u00e9ricains.\n<\/p>\n<p>\n \u00ab\u00a0Le jugement de la cour compliquera le chemin \u00e0 suivre en mati\u00e8re de politique commerciale, mais il reste un ensemble suffisant de dispositions disponibles pour l&rsquo;administration afin d&rsquo;obtenir les r\u00e9sultats souhait\u00e9s\u00a0\u00bb, a d\u00e9clar\u00e9 Bruce Kasman, \u00e9conomiste en chef chez JPMorgan.\n<\/p>\n<p>\n Alors que le regain de tensions sur le plan commercial p\u00e8se sur le sentiment, l&rsquo;attention des investisseurs se portera en Europe sur les publications successives des indices PMI manufacturiers pour la France, l&rsquo;Allemagne, la zone euro et la Grande-Bretagne, qui donneront de plus amples informations sur la sant\u00e9 des entreprises du Vieux continent.\n<\/p>\n<p>\n LES VALEURS A SUIVRE :\n<\/p>\n<p>\n A WALL STREET\n<\/p>\n<p>\n La Bourse de New York a termin\u00e9 en baisse vendredi, apr\u00e8s que le pr\u00e9sident Donald Trump a accus\u00e9 P\u00e9kin de violer l&rsquo;accord sur les droits de douane.\n<\/p>\n<p>\n L&rsquo;indice Dow Jones a gagn\u00e9 0,13%, ou 54,34 points, \u00e0 42.270,07 points.\n<\/p>\n<p>\n Le Standard &amp; Poor&rsquo;s 500, plus large, a perdu -0,48 points, soit -0,01% \u00e0 5.911,69 points.\n<\/p>\n<p>\n Le Nasdaq Composite a recul\u00e9 de son c\u00f4t\u00e9 de -62,11 points, soit -0,32% \u00e0 19.113,767 points.\n<\/p>\n<p>\n EN ASIE\n<\/p>\n<p>\n Les actions chinoises cot\u00e9es \u00e0 Hong Kong ont touch\u00e9 leur plus bas niveau en un mois lundi avec le regain des tensions commerciales entre Chine et Etats-Unis.    En Chine, l&rsquo;indice composite de la Bourse de Shanghai recule de 0,47% et le CSI 300 des grandes capitalisations abandonne 0,48%.     La Bourse de Hong Kong perd 1,97%.\n<\/p>\n<p>\n L&rsquo;indice Nikkei a cl\u00f4tur\u00e9 sur une baisse de 1,3% \u00e0 37.470,67 points, plomb\u00e9 par les tensions commerciales, tandis qu&rsquo;un yen fort a p\u00e9nalis\u00e9 les constructeurs automobiles.\n<\/p>\n<p>\n Le Topix, plus large, a c\u00e9d\u00e9 0,87% \u00e0 2.777,29 points.\n<\/p>\n<p>\n TAUX\n<\/p>\n<p>\n Le rendement des Treasuries \u00e0 dix ans prend 0,6 points de base (pb) \u00e0 4,4240%. Le deux ans c\u00e8de -0,4  pb \u00e0 3,9098%.\n<\/p>\n<p>\n Le rendement du Bund allemand \u00e0 dix ans prend 0,8 pb \u00e0 2,5160%. Le deux ans perd -1,1 pb \u00e0 1,7770%.\n<\/p>\n<p>\n CHANGES\n<\/p>\n<p>\n Le billet vert recule l\u00e9g\u00e8rement et c\u00e8de une partie de ses gains de la semaine derni\u00e8re, sous le poids des mesure douani\u00e8res de Donald Trump, per\u00e7ues comme susceptibles de restreindre la croissance et de stimuler l&rsquo;inflation.\n<\/p>\n<p>\n Le dollar abandonne 0,31% face \u00e0 un panier de devises de r\u00e9f\u00e9rence, tandis que l&rsquo;euro gagne 0,34% \u00e0 1,1391 dollar.\n<\/p>\n<p>\n P\u00c9TROLE\n<\/p>\n<p>\n Les prix du p\u00e9trole grimpent apr\u00e8s la d\u00e9cision de l&rsquo;Opep+ d&rsquo;augmenter la production en juillet du m\u00eame montant que lors des deux mois pr\u00e9c\u00e9dents, apportant un soulagement aux investisseurs qui s&rsquo;attendaient \u00e0 une augmentation plus importante.\n<\/p>\n<p>\n Le Brent prend 2,4% \u00e0 64,27 dollars le baril, tandis que le brut l\u00e9ger am\u00e9ricain (West Texas Intermediate, WTI) gagne 2,4% \u00e0 62,49 dollars.\n<\/p>\n<p>\n PRINCIPAUX INDICATEURS \u00c9CONOMIQUES \u00c0 L&rsquo;AGENDA DU 2 JUIN :\n<\/p>\n<p>\n PAYS    GMT    INDICATEUR                     P\u00c9RIODE     CONSENSUS  PR\u00c9C\u00c9DENT\n<\/p>\n<p>\n FR      07h50  Indice PMI manufacturier       mai         49,5       49,5\n<\/p>\n<p>\n d\u00e9finitif \u00ab\u00a0HCOB\u00a0\u00bb\n<\/p>\n<p>\n DE      07h55  Indice PMI manufacturier       mai         48,8       48,8\n<\/p>\n<p>\n d\u00e9finitif HCOB\n<\/p>\n<p>\n EZ      08h00  Indice PMI manufacturier       mai         49,4       49,4\n<\/p>\n<p>\n d\u00e9finitif HCOB\n<\/p>\n<p>\n GB      08h30  Indice PMI S&amp;P manufacturier   mai         45,1       45,1\n<\/p>\n<p>\n d\u00e9finitif\n<\/p>\n<p>\n USA     13h45  Indice PMI S&amp;P manufacturier   mai         &#8211;          52,3\n<\/p>\n<p>\n d\u00e9finitif\n<\/p>\n<p>\n (R\u00e9dig\u00e9 par Augustin Turpin, \u00e9dit\u00e9 par Blandine H\u00e9nault)<\/p>\n","protected":false},"excerpt":{"rendered":"Le graphique de l&rsquo;indice allemand des prix des actions DAX est photographi\u00e9 \u00e0 la bourse de Francfort par&hellip;\n","protected":false},"author":2,"featured_media":145829,"comment_status":"","ping_status":"","sticky":false,"template":"","format":"standard","meta":{"footnotes":""},"categories":[1586],"tags":[400,11,398,408,405,1777,674,1011,27,403,402,399,404,12,25,401,406,407],"class_list":{"0":"post-145828","1":"post","2":"type-post","3":"status-publish","4":"format-standard","5":"has-post-thumbnail","7":"category-europe","8":"tag-action-cac-40","9":"tag-actualites","10":"tag-bourse-de-paris","11":"tag-boursorama","12":"tag-cotations","13":"tag-eu","14":"tag-europe","15":"tag-fr","16":"tag-france","17":"tag-indices-devises","18":"tag-investir","19":"tag-investissement","20":"tag-marche-boursier","21":"tag-news","22":"tag-republique-francaise","23":"tag-sicav","24":"tag-trackers","25":"tag-warrants"},"share_on_mastodon":{"url":"https:\/\/pubeurope.com\/@fr\/114612547479505897","error":""},"_links":{"self":[{"href":"https:\/\/www.europesays.com\/fr\/wp-json\/wp\/v2\/posts\/145828","targetHints":{"allow":["GET"]}}],"collection":[{"href":"https:\/\/www.europesays.com\/fr\/wp-json\/wp\/v2\/posts"}],"about":[{"href":"https:\/\/www.europesays.com\/fr\/wp-json\/wp\/v2\/types\/post"}],"author":[{"embeddable":true,"href":"https:\/\/www.europesays.com\/fr\/wp-json\/wp\/v2\/users\/2"}],"replies":[{"embeddable":true,"href":"https:\/\/www.europesays.com\/fr\/wp-json\/wp\/v2\/comments?post=145828"}],"version-history":[{"count":0,"href":"https:\/\/www.europesays.com\/fr\/wp-json\/wp\/v2\/posts\/145828\/revisions"}],"wp:featuredmedia":[{"embeddable":true,"href":"https:\/\/www.europesays.com\/fr\/wp-json\/wp\/v2\/media\/145829"}],"wp:attachment":[{"href":"https:\/\/www.europesays.com\/fr\/wp-json\/wp\/v2\/media?parent=145828"}],"wp:term":[{"taxonomy":"category","embeddable":true,"href":"https:\/\/www.europesays.com\/fr\/wp-json\/wp\/v2\/categories?post=145828"},{"taxonomy":"post_tag","embeddable":true,"href":"https:\/\/www.europesays.com\/fr\/wp-json\/wp\/v2\/tags?post=145828"}],"curies":[{"name":"wp","href":"https:\/\/api.w.org\/{rel}","templated":true}]}}