{"id":14583,"date":"2025-04-10T09:15:09","date_gmt":"2025-04-10T09:15:09","guid":{"rendered":"https:\/\/www.europesays.com\/fr\/14583\/"},"modified":"2025-04-10T09:15:09","modified_gmt":"2025-04-10T09:15:09","slug":"decouvrez-quelle-sera-la-nouvelle-destination-de-volotea-au-depart-de-bordeaux","status":"publish","type":"post","link":"https:\/\/www.europesays.com\/fr\/14583\/","title":{"rendered":"D\u00e9couvrez quelle sera la nouvelle destination de Volotea au d\u00e9part de Bordeaux !"},"content":{"rendered":"<p>\t\t\t\t\t Une nouvelle destination ensoleill\u00e9e s&rsquo;ajoute au d\u00e9part de Bordeaux. <\/p>\n<p><a class=\"liens\" href=\"https:\/\/www.tourmag.com\/tags\/volotea\/\" target=\"_blank\" rel=\"noopener\">Volotea<\/a> poursuit en effet son ancrage \u00e0 <a class=\"liens\" href=\"https:\/\/www.bordeaux.aeroport.fr\/vols-destinations\/destinations-depart-bordeaux\/seville\" target=\"_blank\" rel=\"noopener\">l\u2019A\u00e9roport de Bordeaux<\/a> avec l\u2019annonce d\u2019une liaison \u00e0 destination de S\u00e9ville, \u00e0 partir du 4 novembre 2025.&#13;\t\t\t\t\t <\/p>\n<p>S\u00e9ville, capitale de l&rsquo;Andalousie, est connue pour ses monuments comme la Place d\u2019Espagne, la cath\u00e9drale Notre-Dame du Si\u00e8ge, la Torre de Oro, ses f\u00eates traditionnelles, son climat et sa gastronomie. <b>Volotea op\u00e9rera cette liaison tous les mardis et samedis, avec pr\u00e8s de 15 000 si\u00e8ges offerts.<\/b>&#13;\t\t\t\t\t <\/p>\n<p>Pr\u00e9sente \u00e0 Bordeaux depuis plus 12 ans, Volotea compte d\u00e9sormais 38 destinations \u00e0 travers 10 pays (Espagne, France, Gr\u00e8ce, Italie, Malte, Maroc et R\u00e9publique Tch\u00e8que).\n\t\t\t\t <\/p>\n","protected":false},"excerpt":{"rendered":"Une nouvelle destination ensoleill\u00e9e s&rsquo;ajoute au d\u00e9part de Bordeaux. Volotea poursuit en effet son ancrage \u00e0 l\u2019A\u00e9roport de&hellip;\n","protected":false},"author":2,"featured_media":14584,"comment_status":"","ping_status":"","sticky":false,"template":"","format":"standard","meta":{"footnotes":""},"categories":[2817],"tags":[1111,11,1997,1777,674,1011,27,12,2219,25,756,6292],"class_list":{"0":"post-14583","1":"post","2":"type-post","3":"status-publish","4":"format-standard","5":"has-post-thumbnail","7":"category-bordeaux","8":"tag-actu","9":"tag-actualites","10":"tag-bordeaux","11":"tag-eu","12":"tag-europe","13":"tag-fr","14":"tag-france","15":"tag-news","16":"tag-nouvelle-aquitaine","17":"tag-republique-francaise","18":"tag-transavia","19":"tag-voloeta"},"share_on_mastodon":{"url":"https:\/\/pubeurope.com\/@fr\/114312912936277459","error":""},"_links":{"self":[{"href":"https:\/\/www.europesays.com\/fr\/wp-json\/wp\/v2\/posts\/14583","targetHints":{"allow":["GET"]}}],"collection":[{"href":"https:\/\/www.europesays.com\/fr\/wp-json\/wp\/v2\/posts"}],"about":[{"href":"https:\/\/www.europesays.com\/fr\/wp-json\/wp\/v2\/types\/post"}],"author":[{"embeddable":true,"href":"https:\/\/www.europesays.com\/fr\/wp-json\/wp\/v2\/users\/2"}],"replies":[{"embeddable":true,"href":"https:\/\/www.europesays.com\/fr\/wp-json\/wp\/v2\/comments?post=14583"}],"version-history":[{"count":0,"href":"https:\/\/www.europesays.com\/fr\/wp-json\/wp\/v2\/posts\/14583\/revisions"}],"wp:featuredmedia":[{"embeddable":true,"href":"https:\/\/www.europesays.com\/fr\/wp-json\/wp\/v2\/media\/14584"}],"wp:attachment":[{"href":"https:\/\/www.europesays.com\/fr\/wp-json\/wp\/v2\/media?parent=14583"}],"wp:term":[{"taxonomy":"category","embeddable":true,"href":"https:\/\/www.europesays.com\/fr\/wp-json\/wp\/v2\/categories?post=14583"},{"taxonomy":"post_tag","embeddable":true,"href":"https:\/\/www.europesays.com\/fr\/wp-json\/wp\/v2\/tags?post=14583"}],"curies":[{"name":"wp","href":"https:\/\/api.w.org\/{rel}","templated":true}]}}