{"id":145840,"date":"2025-06-02T07:23:10","date_gmt":"2025-06-02T07:23:10","guid":{"rendered":"https:\/\/www.europesays.com\/fr\/145840\/"},"modified":"2025-06-02T07:23:10","modified_gmt":"2025-06-02T07:23:10","slug":"nepo-laulala-et-le-stade-toulousain-une-histoire-qui-finit-en-eau-de-boudin","status":"publish","type":"post","link":"https:\/\/www.europesays.com\/fr\/145840\/","title":{"rendered":"Nepo Laulala et le Stade Toulousain, une histoire qui finit en eau de boudin"},"content":{"rendered":"<p>La rupture entre <strong>Nepo Laulala<\/strong> et le <strong>Stade Toulousain<\/strong>, c\u2019est officiel. Et elle se fait dans une ambiance plus que tendue. Arriv\u00e9 en grande pompe apr\u00e8s la Coupe du monde 2023, le pilier n\u00e9o-z\u00e9landais repart par la petite porte, sans vraiment avoir laiss\u00e9 sa trace sur le terrain\u2026 mais avec un dernier geste sur Instagram qui en dit long.<\/p>\n<p>Un All Black \u00e0 Toulouse, sur le papier \u00e7a faisait r\u00eaver\u2026<\/p>\n<p>\u00c0 son arriv\u00e9e en provenance des <strong>Blues<\/strong>, Laulala d\u00e9barquait avec un CV long comme le bras. Des capes avec les <strong>All Blacks<\/strong>, de l\u2019exp\u00e9rience \u00e0 revendre, un profil parfait pour encadrer un pack toulousain d\u00e9j\u00e0 bien garni. Le club l\u2019avait recrut\u00e9 pour s\u00e9curiser le poste de <strong>pilier droit<\/strong>, parfois orphelin de solutions depuis les d\u00e9parts successifs et les blessures. Sauf que l\u2019idylle n\u2019a jamais vraiment commenc\u00e9.<\/p>\n<p>En quelques apparitions, Laulala n\u2019a pas convaincu. Et tr\u00e8s vite, la tuile : une <strong>rupture du tendon d\u2019Achille<\/strong>. Saison termin\u00e9e avant m\u00eame d\u2019avoir commenc\u00e9. Depuis, silence radio. Jusqu\u2019\u00e0 ce <strong>mois de juin 2025<\/strong>, o\u00f9 le Stade acte officiellement la fin de son aventure.<\/p>\n<p>Un emoji vomi pour dire au revoir<\/p>\n<p>Dimanche, le club publie un message poli de remerciements, comme c\u2019est l\u2019usage. \u201c<strong>Merci Nepo Laulala<\/strong>\u201d, accompagn\u00e9 d\u2019un visuel sobre. Jusque-l\u00e0, tout va bien. Mais l\u2019ancien All Black, lui, ne dig\u00e8re pas. Il reprend le visuel sur <strong>Instagram<\/strong>, y ajoute un emoji t\u00eate verte pr\u00eate \u00e0 vomir\u2026 et publie sans un mot.<\/p>\n<blockquote class=\"twitter-tweet\" data-width=\"550\" data-dnt=\"true\">\n<p lang=\"fr\" dir=\"ltr\">\ud83d\udd34\u26ab\ufe0f Nepo Laulala a r\u00e9agi au post du Stade Toulousain le remerciant avec un emoji \u00ab\u00a0\ud83e\udd22\u00a0\u00bb<\/p>\n<p>Visiblement on est sur un fin en eau de boudin entre le All Black et les Haut-Garonnais. <a href=\"https:\/\/t.co\/zeHeTi4yzu\" rel=\"nofollow\">pic.twitter.com\/zeHeTi4yzu<\/a><\/p>\n<p>\u2014 Tanguy (@tanguyscigala) <a href=\"https:\/\/twitter.com\/tanguyscigala\/status\/1929255351133581339?ref_src=twsrc%5Etfw\" rel=\"nofollow noopener\" target=\"_blank\">June 1, 2025<\/a><\/p><\/blockquote>\n<p>Le message est clair : <strong>\u00e7a ne passe pas<\/strong>. Pas besoin d\u2019interview ou de communiqu\u00e9, ce petit dessin suffit \u00e0 faire comprendre que le joueur a v\u00e9cu cette fin de collaboration comme une vraie d\u00e9ception. Peut-\u00eatre plus encore.<\/p>\n<p>Ce que \u00e7a dit du climat actuel \u00e0 Toulouse<\/p>\n<p>Ce genre de sortie n\u2019arrive pas par hasard. Et elle soul\u00e8ve des questions. Si un joueur aussi exp\u00e9riment\u00e9 termine son passage au club avec un tel ressenti, c\u2019est qu\u2019en coulisses, la relation n\u2019\u00e9tait pas au beau fixe. Il y a eu un d\u00e9calage entre l\u2019accueil initial et la gestion de sa blessure ? Le joueur s\u2019est-il senti mis de c\u00f4t\u00e9 trop rapidement ? Ou est-ce simplement la frustration d\u2019un sportif priv\u00e9 de terrain et largu\u00e9 en silence ?<\/p>\n<p>En tout cas, cette s\u00e9quence renvoie une image peu reluisante \u00e0 un moment o\u00f9 <strong>le Stade Toulousain<\/strong> aurait bien besoin de s\u00e9r\u00e9nit\u00e9.<\/p>\n<p>Toulouse veut tourner la page, vite<\/p>\n<p>Le club a sans doute voulu faire les choses proprement, sans bruit. Mais le contre-feu d\u00e9clench\u00e9 par Laulala rappelle que <strong>toute s\u00e9paration mal g\u00e9r\u00e9e peut laisser des traces<\/strong>. D\u00e9sormais, l\u2019id\u00e9e est claire : refermer vite ce chapitre pour \u00e9viter que \u00e7a ne d\u00e9borde.<\/p>\n<p>Dans le fond, ce d\u00e9part illustre une tendance plus large : celle d\u2019un <strong>recrutement \u00e9tranger qui n\u2019a pas toujours port\u00e9 ses fruits<\/strong> ces deux derni\u00e8res saisons \u00e0 Toulouse. Entre blessures, adaptation difficile ou manque d\u2019impact, certains paris n\u2019ont pas pay\u00e9.<\/p>\n<p><img loading=\"lazy\" src=\"data:image\/svg+xml,%3Csvg%20xmlns=\" http:=\"\" height=\"100\" width=\"100\" class=\" sp-no-webp\" alt=\"whatsapp image 2024 07 31 at 09.08.32\" decoding=\"async\" data-lazy-src=\"https:\/\/www.europesays.com\/fr\/wp-content\/uploads\/2025\/04\/whatsapp-image-2024-07-31-at-09.08.32-e1727245864215.jpeg\"\/> <\/p>\n<p>J\u2019ai grandi dans une famille o\u00f9 le rugby \u00e9tait de tous les moments. J\u2019\u00e9tais au bord du terrain quand Castres a battu Pau et a rejoint l\u2019\u00e9lite, j\u2019\u00e9tais dans le Stade Pierre Antoine face \u00e0 Gary Whetton quand il a fait son Haka pour c\u00e9l\u00e9brer le Brennus de 1993 et j\u2019ai toujours \u00e9t\u00e9 berc\u00e9 des l\u00e9gendes de ce sport. Maintenant, c\u2019est avec XV Ovalie que j\u2019entends prolonger l\u2019aventure. #TeamCO<\/p>\n<p>\t\t<script async src=\"https:\/\/platform.twitter.com\/widgets.js\" charset=\"utf-8\"><\/script><\/p>\n","protected":false},"excerpt":{"rendered":"La rupture entre Nepo Laulala et le Stade Toulousain, c\u2019est officiel. Et elle se fait dans une ambiance&hellip;\n","protected":false},"author":2,"featured_media":145841,"comment_status":"","ping_status":"","sticky":false,"template":"","format":"standard","meta":{"footnotes":""},"categories":[1416],"tags":[1011,27,27485,479,1468,60,476,10662],"class_list":{"0":"post-145840","1":"post","2":"type-post","3":"status-publish","4":"format-standard","5":"has-post-thumbnail","7":"category-rugby","8":"tag-fr","9":"tag-france","10":"tag-nepo-laulala","11":"tag-rugby","12":"tag-rugby-football","13":"tag-sports","14":"tag-stade-toulousain","15":"tag-transferts"},"share_on_mastodon":{"url":"https:\/\/pubeurope.com\/@fr\/114612574921387737","error":""},"_links":{"self":[{"href":"https:\/\/www.europesays.com\/fr\/wp-json\/wp\/v2\/posts\/145840","targetHints":{"allow":["GET"]}}],"collection":[{"href":"https:\/\/www.europesays.com\/fr\/wp-json\/wp\/v2\/posts"}],"about":[{"href":"https:\/\/www.europesays.com\/fr\/wp-json\/wp\/v2\/types\/post"}],"author":[{"embeddable":true,"href":"https:\/\/www.europesays.com\/fr\/wp-json\/wp\/v2\/users\/2"}],"replies":[{"embeddable":true,"href":"https:\/\/www.europesays.com\/fr\/wp-json\/wp\/v2\/comments?post=145840"}],"version-history":[{"count":0,"href":"https:\/\/www.europesays.com\/fr\/wp-json\/wp\/v2\/posts\/145840\/revisions"}],"wp:featuredmedia":[{"embeddable":true,"href":"https:\/\/www.europesays.com\/fr\/wp-json\/wp\/v2\/media\/145841"}],"wp:attachment":[{"href":"https:\/\/www.europesays.com\/fr\/wp-json\/wp\/v2\/media?parent=145840"}],"wp:term":[{"taxonomy":"category","embeddable":true,"href":"https:\/\/www.europesays.com\/fr\/wp-json\/wp\/v2\/categories?post=145840"},{"taxonomy":"post_tag","embeddable":true,"href":"https:\/\/www.europesays.com\/fr\/wp-json\/wp\/v2\/tags?post=145840"}],"curies":[{"name":"wp","href":"https:\/\/api.w.org\/{rel}","templated":true}]}}