{"id":145846,"date":"2025-06-02T07:27:09","date_gmt":"2025-06-02T07:27:09","guid":{"rendered":"https:\/\/www.europesays.com\/fr\/145846\/"},"modified":"2025-06-02T07:27:09","modified_gmt":"2025-06-02T07:27:09","slug":"radeon-software-25-5-2-un-pilote-amd-pour-f1-25","status":"publish","type":"post","link":"https:\/\/www.europesays.com\/fr\/145846\/","title":{"rendered":"RADEON Software 25.5.2, un pilote AMD pour F1 25"},"content":{"rendered":"<p>Nouvelle mise \u00e0 jour de pilotes du c\u00f4t\u00e9 d\u2019AMD qui publie son RADEON Software en version 25.5.2. Eh oui, vous avez bien lu, l\u2019entreprise propose une seconde version pour le mois de mai. Cette nouvelle mouture se destine \u00e0 un titre en particulier : F1 25. De plus, la marque en profite pour corriger un petit point g\u00eanant en lien avec le jeu : des probl\u00e8mes de crash. Bref, on vous d\u00e9taille tout \u00e7a !<\/p>\n<p><strong>RADEON Software 25.5.2 : une version pour F1 25 :\u00a0<\/strong><br \/>\n<strong>Les nouveaut\u00e9s :\u00a0<\/strong><\/p>\n<p><a href=\"https:\/\/www.europesays.com\/fr\/wp-content\/uploads\/2025\/06\/f1-25-configs-pc-actualites-actu-hardware-overclocking.jpg\"><img fetchpriority=\"high\" decoding=\"async\" class=\" td-modal-image aligncenter wp-image-217857 size-full\" src=\"https:\/\/www.europesays.com\/fr\/wp-content\/uploads\/2025\/06\/f1-25-configs-pc-actualites-actu-hardware-overclocking.jpg\" alt=\"F1 25 config\" width=\"750\" height=\"422\"  \/><\/a><\/p>\n<p>Avec ce pilote, nous avons affaire \u00e0 une mise \u00e0 jour tr\u00e8s succincte qui ne propose, finalement, pas grand-chose. Bien \u00e9videmment, AMD apporte le support pour le jeu F1 25, c\u00e9l\u00e8bre licence de jeu ax\u00e9 autour de Formule 1 ! Si vous \u00eates \u00e9quip\u00e9s d\u2019une carte AMD vous pourrez donc en profiter dans les meilleures conditions possibles.<\/p>\n<p><strong>Le correctif :\u00a0<\/strong><\/p>\n<p>La partie correctif est \u00e9galement tr\u00e8s courte puisque l\u2019entreprise ne met en avant qu\u2019une seule correction de bug. Cette derni\u00e8re concerne alors les probl\u00e8mes de\u00a0crashs\u00a0intermittents rencontr\u00e9s en jeu sur F1 25 lorsque le\u00a0path tracing est actif sur les RX 9000 series. Avouez que c\u2019est quand m\u00eame assez g\u00eanant non ?<\/p>\n<p>\nPublicit\u00e9<\/p>\n<p><strong>Les probl\u00e8mes identifi\u00e9s :<\/strong><\/p>\n<p>On termine maintenant avec la s\u00e9rie des probl\u00e8mes identifi\u00e9s par les rouges. \u00c0 ce sujet, AMD identifie deux points assez g\u00eanants que voici :<\/p>\n<ul>\n<li>Constatation de\u00a0stuttering et de baisse de performance apr\u00e8s un Alt+Tab en\u00a0streamant\u00a0sur Discord avec une configuration multi\u00e9cran.<\/li>\n<li>Des\u00a0crashs\u00a0syst\u00e8me peuvent \u00eatre observ\u00e9s en utilisant plusieurs moniteurs de hautes r\u00e9solutions avec le FreeSync actif avec des RX 9000.<\/li>\n<\/ul>\n<p>Bref, pour le t\u00e9l\u00e9chargement, \u00e7a se passe ci-dessous. Bien entendu, si vous ne jouez pas ou ne comptez pas jouer \u00e0 ce F1 25, vous pouvez compl\u00e8tement esquiver cette version du pilote. Pour les autres, vous avez o\u00f9 trouver cette version :<\/p>\n<p style=\"text-align: center;\"><strong><a href=\"https:\/\/www.amd.com\/en\/resources\/support-articles\/release-notes\/RN-RAD-WIN-25-5-2-F1-25.html\" target=\"_blank\" rel=\"noopener nofollow\">Par ici le pilote d\u2019AMD (874 Mo)\u00a0<\/a><\/strong><\/p>\n","protected":false},"excerpt":{"rendered":"Nouvelle mise \u00e0 jour de pilotes du c\u00f4t\u00e9 d\u2019AMD qui publie son RADEON Software en version 25.5.2. Eh&hellip;\n","protected":false},"author":2,"featured_media":145847,"comment_status":"","ping_status":"","sticky":false,"template":"","format":"standard","meta":{"footnotes":""},"categories":[1412],"tags":[11867,14445,1451,1452,1453,1454,1455,1011,27,19438,60],"class_list":{"0":"post-145846","1":"post","2":"type-post","3":"status-publish","4":"format-standard","5":"has-post-thumbnail","7":"category-f1","8":"tag-amd","9":"tag-carte-graphique","10":"tag-f1","11":"tag-formula-1","12":"tag-formula1","13":"tag-formule-1","14":"tag-formule1","15":"tag-fr","16":"tag-france","17":"tag-pilote","18":"tag-sports"},"share_on_mastodon":{"url":"https:\/\/pubeurope.com\/@fr\/114612590823106953","error":""},"_links":{"self":[{"href":"https:\/\/www.europesays.com\/fr\/wp-json\/wp\/v2\/posts\/145846","targetHints":{"allow":["GET"]}}],"collection":[{"href":"https:\/\/www.europesays.com\/fr\/wp-json\/wp\/v2\/posts"}],"about":[{"href":"https:\/\/www.europesays.com\/fr\/wp-json\/wp\/v2\/types\/post"}],"author":[{"embeddable":true,"href":"https:\/\/www.europesays.com\/fr\/wp-json\/wp\/v2\/users\/2"}],"replies":[{"embeddable":true,"href":"https:\/\/www.europesays.com\/fr\/wp-json\/wp\/v2\/comments?post=145846"}],"version-history":[{"count":0,"href":"https:\/\/www.europesays.com\/fr\/wp-json\/wp\/v2\/posts\/145846\/revisions"}],"wp:featuredmedia":[{"embeddable":true,"href":"https:\/\/www.europesays.com\/fr\/wp-json\/wp\/v2\/media\/145847"}],"wp:attachment":[{"href":"https:\/\/www.europesays.com\/fr\/wp-json\/wp\/v2\/media?parent=145846"}],"wp:term":[{"taxonomy":"category","embeddable":true,"href":"https:\/\/www.europesays.com\/fr\/wp-json\/wp\/v2\/categories?post=145846"},{"taxonomy":"post_tag","embeddable":true,"href":"https:\/\/www.europesays.com\/fr\/wp-json\/wp\/v2\/tags?post=145846"}],"curies":[{"name":"wp","href":"https:\/\/api.w.org\/{rel}","templated":true}]}}