{"id":145852,"date":"2025-06-02T07:30:10","date_gmt":"2025-06-02T07:30:10","guid":{"rendered":"https:\/\/www.europesays.com\/fr\/145852\/"},"modified":"2025-06-02T07:30:10","modified_gmt":"2025-06-02T07:30:10","slug":"miley-cyrus-fait-de-rares-confidences-sur-sa-relation-avec-ses-parents-billy-ray-et-tish-cyrus","status":"publish","type":"post","link":"https:\/\/www.europesays.com\/fr\/145852\/","title":{"rendered":"Miley Cyrus fait de rares confidences sur sa relation avec ses parents Billy Ray et Tish Cyrus"},"content":{"rendered":"<p>Miley Cyrus est revenue sur le divorce de ses parents, une \u00e9tape de vie particuli\u00e8re qu\u2019elle a souhait\u00e9 vivre en tant qu\u2019adulte.<\/p>\n<p>Une relation tumultueuse. Ce samedi 31 mai, le \u00ab\u00a0New York Time\u00a0\u00bb a d\u00e9voil\u00e9 un entretien exclusif avec <a href=\"https:\/\/www.elle.fr\/Personnalites\/Miley-Cyrus\" rel=\"nofollow noopener\" target=\"_blank\" data-ylk=\"slk:Miley Cyrus;elm:context_link;itc:0;sec:content-canvas\" class=\"link \">Miley Cyrus<\/a>. \u00c0 cette occasion la star de Disney devenue ic\u00f4ne au fil des ann\u00e9es a pu revenir sur sa relation particuli\u00e8re avec son p\u00e8re, le chanteur de country Billy Ray Cyrus.<\/p>\n<p>Miley Cyrus est en pleine promotion de <a href=\"https:\/\/www.elle.fr\/Loisirs\/Musique\/News\/Miley-Cyrus-invite-Naomi-Campbell-sur-son-nouvel-album-Something-Beautiful-4348699\" rel=\"nofollow noopener\" target=\"_blank\" data-ylk=\"slk:son nouvel album \u00ab\u00a0Something Beautiful\u00a0\u00bb;elm:context_link;itc:0;sec:content-canvas\" class=\"link \">son nouvel album \u00ab\u00a0Something Beautiful\u00a0\u00bb<\/a> d\u00e9voil\u00e9 ce vendredi. Lors de son entretien avec le \u00ab\u00a0New York Times\u00a0\u00bb, elle s\u2019est notamment confi\u00e9e sur sa relation avec ses parents en tant que femme adulte. Elle \u00e9voque sa passion commune avec son p\u00e8re et le divorce de ses parents qu\u2019elle a appris \u00e0 accepter : \u00ab Je pense que le timing est essentiel. En grandissant, j\u2019ai appris \u00e0 respecter mes parents en tant qu\u2019individus, plut\u00f4t qu\u2019en tant que simples parents \u2014 parce que ma m\u00e8re a vraiment aim\u00e9 mon p\u00e8re toute sa vie, et je pense qu\u2019\u00eatre mari\u00e9e \u00e0 quelqu\u2019un de l\u2019industrie musicale sans en faire partie soi-m\u00eame, c\u2019est \u00e9videmment tr\u00e8s difficile. \u00bb<\/p>\n<p>Lire aussi : <a href=\"https:\/\/www.elle.fr\/People\/La-vie-des-people\/News\/Enfant-star-Miley-Cyrus-la-rebelle-de-Disney\" rel=\"nofollow noopener\" target=\"_blank\" data-ylk=\"slk:Enfant star : Miley Cyrus, la rebelle de Disney;elm:context_link;itc:0;sec:content-canvas\" class=\"link \">Enfant star : Miley Cyrus, la rebelle de Disney<\/a><\/p>\n<p>Miley Cyrus poursuit ses confidences en affirmant avoir beaucoup soutenu sa m\u00e8re durant son mariage et son divorce avec Billy Ray Cyrus : \u00ab Je crois que j\u2019ai pris une partie de la douleur de ma m\u00e8re comme si c\u2019\u00e9tait la mienne, parce que cela lui faisait plus de mal \u00e0 elle qu\u2019\u00e0 moi en tant qu\u2019adulte, donc j\u2019ai port\u00e9 beaucoup de sa peine. \u00bb<\/p>\n<p>Une s\u00e9paration marquante<\/p>\n<p>Toujours au cours de cet entretien,&#8230;<\/p>\n<p><a href=\"https:\/\/www.elle.fr\/People\/La-vie-des-people\/News\/Miley-Cyrus-fait-de-rares-confidences-sur-sa-relation-avec-ses-parents-Billy-Ray-et-Tish-Cyrus-4350968#xtor=AL-540\" rel=\"nofollow noopener\" target=\"_blank\" data-ylk=\"slk:Lire la suite de l&#039;article sur Elle.fr;elm:context_link;itc:0;sec:content-canvas\" class=\"link \">Lire la suite de l&rsquo;article sur Elle.fr<\/a><\/p>\n<p>A lire aussi<\/p>\n","protected":false},"excerpt":{"rendered":"Miley Cyrus est revenue sur le divorce de ses parents, une \u00e9tape de vie particuli\u00e8re qu\u2019elle a souhait\u00e9&hellip;\n","protected":false},"author":2,"featured_media":145853,"comment_status":"","ping_status":"","sticky":false,"template":"","format":"standard","meta":{"footnotes":""},"categories":[1359],"tags":[27486,520,58,59,1011,27,25476,3306,973],"class_list":{"0":"post-145852","1":"post","2":"type-post","3":"status-publish","4":"format-standard","5":"has-post-thumbnail","7":"category-people","8":"tag-billy-ray-cyrus","9":"tag-disney","10":"tag-divertissement","11":"tag-entertainment","12":"tag-fr","13":"tag-france","14":"tag-miley-cyrus","15":"tag-parents","16":"tag-people"},"share_on_mastodon":{"url":"https:\/\/pubeurope.com\/@fr\/114612602544803371","error":""},"_links":{"self":[{"href":"https:\/\/www.europesays.com\/fr\/wp-json\/wp\/v2\/posts\/145852","targetHints":{"allow":["GET"]}}],"collection":[{"href":"https:\/\/www.europesays.com\/fr\/wp-json\/wp\/v2\/posts"}],"about":[{"href":"https:\/\/www.europesays.com\/fr\/wp-json\/wp\/v2\/types\/post"}],"author":[{"embeddable":true,"href":"https:\/\/www.europesays.com\/fr\/wp-json\/wp\/v2\/users\/2"}],"replies":[{"embeddable":true,"href":"https:\/\/www.europesays.com\/fr\/wp-json\/wp\/v2\/comments?post=145852"}],"version-history":[{"count":0,"href":"https:\/\/www.europesays.com\/fr\/wp-json\/wp\/v2\/posts\/145852\/revisions"}],"wp:featuredmedia":[{"embeddable":true,"href":"https:\/\/www.europesays.com\/fr\/wp-json\/wp\/v2\/media\/145853"}],"wp:attachment":[{"href":"https:\/\/www.europesays.com\/fr\/wp-json\/wp\/v2\/media?parent=145852"}],"wp:term":[{"taxonomy":"category","embeddable":true,"href":"https:\/\/www.europesays.com\/fr\/wp-json\/wp\/v2\/categories?post=145852"},{"taxonomy":"post_tag","embeddable":true,"href":"https:\/\/www.europesays.com\/fr\/wp-json\/wp\/v2\/tags?post=145852"}],"curies":[{"name":"wp","href":"https:\/\/api.w.org\/{rel}","templated":true}]}}