{"id":145854,"date":"2025-06-02T07:31:16","date_gmt":"2025-06-02T07:31:16","guid":{"rendered":"https:\/\/www.europesays.com\/fr\/145854\/"},"modified":"2025-06-02T07:31:16","modified_gmt":"2025-06-02T07:31:16","slug":"degradation-et-restauration-les-folles-24-heures-de-loeuvre-de-banksy-a-marseille","status":"publish","type":"post","link":"https:\/\/www.europesays.com\/fr\/145854\/","title":{"rendered":"D\u00e9gradation et restauration, les folles 24\u00a0heures de l\u2019\u0153uvre de Banksy \u00e0 Marseille"},"content":{"rendered":"<p>Dans la <a href=\"https:\/\/www.laprovence.com\/article\/region\/45664576343013\/marseille-envahit-une-photo-de-classe-de-vingt-ans-de-graffiti\" target=\"_blank\" rel=\"noopener\">ville du graffiti<\/a>, o\u00f9 le tag sauvage est ma\u00eetre en son royaume (fa\u00e7ades, toits et m\u00e9tros de pr\u00e9f\u00e9rence), il aura fallu moins de 72 heures pour que poussent dans la nuit de samedi 31 mai au dimanche 1er\u00a0juin <a href=\"https:\/\/www.laprovence.com\/article\/societe\/11725655091537\/banksy-naura-pas-survecu-a-marseille-loeuvre-du-street-artiste-pres-de-la-plage-des-catalans-detournee\" target=\"_blank\" rel=\"noopener\">deux testicules violets<\/a> au bas du <a href=\"https:\/\/www.laprovence.com\/article\/region\/60079338496376\/un-nouveau-banksy-a-marseille-loeuvre-du-phare-avec-une-phrase-en-anglais-qui-agite-les-reseaux-sociaux\" target=\"_blank\" rel=\"noopener\">phare de Banksy<\/a>, rue F\u00e9lix-Fr\u00e9gier (7e). \u00ab\u00a0Le petit malin a attendu que nous allions dormir pour s\u2019y attaquer. On se doutait que \u00e7a pouvait arriver mais il fallait bien qu\u2019on se repose. On ne peut pas veiller sur la rue en permanence\u00a0\u00bb, reconna\u00eet Richard Campana.<\/p>\n<p><img alt=\"Le nouveau Banksy \u00e0 Marseille.\" loading=\"lazy\" decoding=\"async\" data-nimg=\"fill\" class=\" TwicCore_img__i9TC1 undefined  undefined\" style=\"position:absolute;height:100%;width:100%;left:0;top:0;right:0;bottom:0;color:transparent;background-size:cover;background-position:50% 50%;background-repeat:no-repeat;background-image:url(&quot;data:image\/svg+xml;charset=utf-8,%3Csvg xmlns='http:\/\/www.w3.org\/2000\/svg' %3E%3Cfilter id='b' color-interpolation-filters='sRGB'%3E%3CfeGaussianBlur stdDeviation='20'\/%3E%3CfeColorMatrix values='1 0 0 0 0 0 1 0 0 0 0 0 1 0 0 0 0 0 100 -1' result='s'\/%3E%3CfeFlood x='0' y='0' width='100%25' height='100%25'\/%3E%3CfeComposite operator='out' in='s'\/%3E%3CfeComposite in2='SourceGraphic'\/%3E%3CfeGaussianBlur stdDeviation='20'\/%3E%3C\/filter%3E%3Cimage width='100%25' height='100%25' x='0' y='0' preserveAspectRatio='none' style='filter: url(%23b);' href='https:\/\/pictures.laprovence.com\/cdn-cgi\/image\/blur=250\/media\/melody\/2025\/06\/02\/un-nouveau-banksy-a-marseille-1748841238_ba89a4ecb9386ce89a4ecb9389299av_.jpg'\/%3E%3C\/svg%3E&quot;)\"   src=\"https:\/\/www.europesays.com\/fr\/wp-content\/uploads\/2025\/06\/un-nouveau-banksy-a-marseille-1748841238_ba89a4ecb9386ce89a4ecb9389299av_.jpg\"\/>Le nouveau Banksy \u00e0 Marseille. \/ Photo PHILIPPE LAURENSON<\/p>\n<p>Le peintre Marseillais est d\u00e9j\u00e0 l\u2019auteur de plusieurs fresques dans ce m\u00eame petit tunnel pr\u00e8s de la plage des Catalans et avec Agn\u00e8s Perronne, peintre en d\u00e9cors du patrimoine, ils forment <a href=\"https:\/\/www.laprovence.com\/article\/societe\/1805154992310914\/le-banksy-a-marseille-degrade-loeuvre-de-mysterieux-street-artiste-remise-en-etat\" target=\"_blank\" rel=\"noopener\">l\u2019\u00e9quipe des restaurateurs<\/a> non officiels du d\u00e9j\u00e0 c\u00e9l\u00e8bre graff. Sur commande du syndic de copropri\u00e9t\u00e9 de la r\u00e9sidence adjacente qui souhaitait prot\u00e9ger l\u2019\u0153uvre des d\u00e9gradations, les artisans avaient d\u00e9j\u00e0 pos\u00e9 samedi une couche de vernis anti-graffiti autour du phare, et de la phrase qui l\u2019accompagne \u00ab\u00a0I want to be what you saw in me\u00a0\u00bb (je veux \u00eatre ce que tu as vu en moi). \u00ab\u00a0Le probl\u00e8me, c\u2019est qu\u2019il en faut quatre, de couches, avec six heures de s\u00e9chages entre chaque passage. Nous savions que le Banksy attirerait des curieux et pouvait \u00eatre d\u00e9tourn\u00e9 avant la fin de notre travail\u00a0\u00bb, pr\u00e9cise Richard Campana. Cela fait d\u00e9j\u00e0 plusieurs heures qu\u2019ils travaillent minutieusement avec des lames et grattoirs et ils esp\u00e8rent achever leur restauration d\u2019ici lundi soir.<\/p>\n<p>Un d\u00e9tournement \u00ab\u00a0vulgaire\u00a0\u00bb ou \u00ab\u00a0audacieux\u00a0\u00bb\u00a0?<\/p>\n<p>Le phare au pochoir de <a href=\"https:\/\/www.laprovence.com\/article\/sortie-loisirs\/21406458653817\/banksy-les-cent-visages-dun-artiste-star-anonyme\" target=\"_blank\" rel=\"noopener\">Banksy<\/a>, le renomm\u00e9 street artiste britannique, \u00e9tait apparu sur Marseille en fin de semaine comme un miracle, pour adoucir la <a href=\"https:\/\/www.laprovence.com\/article\/sports\/1323901011534214\/jaurais-prefere-mourir-avant-de-voir-ca-les-supporters-marseillais-degoutes-apres-la-victoire-de-paris-en-ligue-des-champions\" target=\"_blank\" rel=\"noopener\">peine des supporters de l\u2019OM<\/a> et distraire les <a href=\"https:\/\/www.laprovence.com\/article\/culture-loisirs\/1326296916879914\/au-stade-velodrome-le-lion-bruce-springsteen-a-rugi-pour-une-amerique-meilleure\" target=\"_blank\" rel=\"noopener\">fans de Bruce Springsteen<\/a>. Vendredi et samedi, des centaines de personnes avaient d\u00e9fil\u00e9 dans cette petite rue, un tunnel pr\u00e8s de la <a href=\"https:\/\/www.laprovence.com\/article\/region\/14768510494455\/sur-les-plages-marseillaises-drapeau-vert-pour-le-debut-de-la-saison-des-plages-surveillees\" target=\"_blank\" rel=\"noopener\">plage<\/a> des Catalans (7e), pour immortaliser l\u2019\u0153uvre \u00e9ph\u00e9m\u00e8re, pens\u00e9e pour vivre dans la rue.<\/p>\n<p><img alt=\"Des dizaines de personnes ont assist\u00e9 ce dimanche 1er juin toute la journ\u00e9e \u00e0 la restauration de l\u2019\u0153uvre du myst\u00e9rieux street-artist de Bristol.\" loading=\"lazy\" decoding=\"async\" data-nimg=\"fill\" class=\" TwicCore_img__i9TC1 undefined  undefined\" style=\"position:absolute;height:100%;width:100%;left:0;top:0;right:0;bottom:0;color:transparent;background-size:cover;background-position:50% 50%;background-repeat:no-repeat;background-image:url(&quot;data:image\/svg+xml;charset=utf-8,%3Csvg xmlns='http:\/\/www.w3.org\/2000\/svg' %3E%3Cfilter id='b' color-interpolation-filters='sRGB'%3E%3CfeGaussianBlur stdDeviation='20'\/%3E%3CfeColorMatrix values='1 0 0 0 0 0 1 0 0 0 0 0 1 0 0 0 0 0 100 -1' result='s'\/%3E%3CfeFlood x='0' y='0' width='100%25' height='100%25'\/%3E%3CfeComposite operator='out' in='s'\/%3E%3CfeComposite in2='SourceGraphic'\/%3E%3CfeGaussianBlur stdDeviation='20'\/%3E%3C\/filter%3E%3Cimage width='100%25' height='100%25' x='0' y='0' preserveAspectRatio='none' style='filter: url(%23b);' href='https:\/\/pictures.laprovence.com\/cdn-cgi\/image\/blur=250\/media\/melody\/2025\/06\/02\/une-personne-nettoie-l-oeuvre-de-banksy-qui-a-ete-degradee-degradation-de-l-oeuvre-de-banksy-aux-cat-1748841239_d77098b77c3861c7098b77c38a5809v_.jpg'\/%3E%3C\/svg%3E&quot;)\"   src=\"https:\/\/www.europesays.com\/fr\/wp-content\/uploads\/2025\/06\/1748849476_453_une-personne-nettoie-l-oeuvre-de-banksy-qui-a-ete-degradee-degradation-de-l-oeuvre-de-banksy-aux-cat.jpeg\"\/>Des dizaines de personnes ont assist\u00e9 ce dimanche 1er juin toute la journ\u00e9e \u00e0 la restauration de l\u2019\u0153uvre du myst\u00e9rieux street-artist de Bristol. \/ Photo Denis THAUST<\/p>\n<p>\u00ab\u00a0L\u2019art de rue est fait pour \u00e9voluer avec le temps, mais franchement, y mettre des testicules, de mani\u00e8re aussi vulgaire, \u00e7a sert \u00e0 quoi\u00a0?\u00a0\u00bb, s\u2019indigne un peu Marie-Ange, 78\u00a0ans, qui habite la rue. \u00ab\u00a0Heureusement que j\u2019ai pris des photos hier, pour garder des souvenirs authentiques\u00a0\u00bb, se satisfait la retrait\u00e9e en faisait d\u00e9filer ses clich\u00e9s sur son t\u00e9l\u00e9phone. \u00ab\u00a0C\u2019est quand m\u00eame marrant, cette histoire, \u00e7a prouve que Marseille est toujours rebelle, provoc. Elles n\u2019\u00e9taient pas tr\u00e8s bien faites, ces couilles (sic.), mais il faut dire que le geste \u00e9tait audacieux\u00a0\u00bb, s\u2019amuse en contre-pied Marius, 34\u00a0ans, un voisin.<\/p>\n<p>Un gardien d\u00e8s dimanche soir et des rondes de police dans le secteur<\/p>\n<p>En plus du vernis, certains riverains tr\u00e8s investis plaident pour la pose d\u2019une plaque de plexiglas. Une intervention, qui n\u2019est pas envisag\u00e9e pour le moment, qui va \u00e0 l\u2019encontre m\u00eame de la proposition de Banksy, qui pr\u00f4ne la d\u00e9mocratisation de l\u2019art et la r\u00e9appropriation de ses \u0153uvres dans l\u2019espace public et il a plusieurs fois d\u00e9nonc\u00e9 la marchandisation de ses graffs. \u00ab\u00a0En effet, \u00e7a nous pose question, mais on nous a demand\u00e9 de faire de notre mieux pour prot\u00e9ger le dessin, on ne fait que notre m\u00e9tier. J\u2019ai \u00e0 c\u0153ur de restaurer et mettre en valeur le patrimoine, et si Banksy a choisi Marseille, c\u2019est un beau signe que j\u2019ai envie de pr\u00e9server\u00a0\u00bb, commente Agn\u00e8s Perronne. Plusieurs fans ont aussi d\u00e9pass\u00e9 la rubalise devant le phare pour mettre leurs ongles \u00e0 contribution pour gratter le vernis l\u00e0 o\u00f9 les testicules violets \u00e9taient encore dimanche matin.<\/p>\n<p>Pour soulager l\u2019effort collectif, un gardien, plac\u00e9 l\u00e0 aussi par le syndic de copropri\u00e9t\u00e9, va prendre son poste ce soir dans le tunnel et la Ville mentionne la \u00ab\u00a0vigilance accrue\u00a0\u00bb de la police municipale qui a fait des rondes dans le secteur. En\u00a02022, la \u00ab\u00a0jeune fille triste\u00a0\u00bb au pochoir de Banksy faite sur la porte du Bataclan \u00e0 Paris avait \u00e9t\u00e9 vol\u00e9e et des \u0153uvres de l\u2019artiste sont r\u00e9guli\u00e8rement transform\u00e9es ou d\u00e9grad\u00e9es peu apr\u00e8s leur apparition.<\/p>\n","protected":false},"excerpt":{"rendered":"Dans la ville du graffiti, o\u00f9 le tag sauvage est ma\u00eetre en son royaume (fa\u00e7ades, toits et m\u00e9tros&hellip;\n","protected":false},"author":2,"featured_media":145855,"comment_status":"","ping_status":"","sticky":false,"template":"","format":"standard","meta":{"footnotes":""},"categories":[1358],"tags":[17,1348,1384,1385,7190,5460,1386,58,59,27487,1011,27,6203,26574,151,16,2021],"class_list":{"0":"post-145854","1":"post","2":"type-post","3":"status-publish","4":"format-standard","5":"has-post-thumbnail","7":"category-arts-et-design","8":"tag-17","9":"tag-arts","10":"tag-arts-and-design","11":"tag-arts-et-design","12":"tag-banksy","13":"tag-degradation","14":"tag-design","15":"tag-divertissement","16":"tag-entertainment","17":"tag-folles","18":"tag-fr","19":"tag-france","20":"tag-heures","21":"tag-loeuvre","22":"tag-les","23":"tag-region","24":"tag-restauration"},"share_on_mastodon":{"url":"https:\/\/pubeurope.com\/@fr\/114612606428510312","error":""},"_links":{"self":[{"href":"https:\/\/www.europesays.com\/fr\/wp-json\/wp\/v2\/posts\/145854","targetHints":{"allow":["GET"]}}],"collection":[{"href":"https:\/\/www.europesays.com\/fr\/wp-json\/wp\/v2\/posts"}],"about":[{"href":"https:\/\/www.europesays.com\/fr\/wp-json\/wp\/v2\/types\/post"}],"author":[{"embeddable":true,"href":"https:\/\/www.europesays.com\/fr\/wp-json\/wp\/v2\/users\/2"}],"replies":[{"embeddable":true,"href":"https:\/\/www.europesays.com\/fr\/wp-json\/wp\/v2\/comments?post=145854"}],"version-history":[{"count":0,"href":"https:\/\/www.europesays.com\/fr\/wp-json\/wp\/v2\/posts\/145854\/revisions"}],"wp:featuredmedia":[{"embeddable":true,"href":"https:\/\/www.europesays.com\/fr\/wp-json\/wp\/v2\/media\/145855"}],"wp:attachment":[{"href":"https:\/\/www.europesays.com\/fr\/wp-json\/wp\/v2\/media?parent=145854"}],"wp:term":[{"taxonomy":"category","embeddable":true,"href":"https:\/\/www.europesays.com\/fr\/wp-json\/wp\/v2\/categories?post=145854"},{"taxonomy":"post_tag","embeddable":true,"href":"https:\/\/www.europesays.com\/fr\/wp-json\/wp\/v2\/tags?post=145854"}],"curies":[{"name":"wp","href":"https:\/\/api.w.org\/{rel}","templated":true}]}}