{"id":145856,"date":"2025-06-02T07:32:09","date_gmt":"2025-06-02T07:32:09","guid":{"rendered":"https:\/\/www.europesays.com\/fr\/145856\/"},"modified":"2025-06-02T07:32:09","modified_gmt":"2025-06-02T07:32:09","slug":"a-orange-lassociation-elu-met-le-livre-au-coeur-de-ses-projets","status":"publish","type":"post","link":"https:\/\/www.europesays.com\/fr\/145856\/","title":{"rendered":"\u00c0 Orange, l&rsquo;association ELU met le livre au c\u0153ur de ses projets"},"content":{"rendered":"<p>L&rsquo;association Expressions litt\u00e9raires universelles (<a href=\"https:\/\/www.helloasso.com\/associations\/expressions-litteraires-universelles\" target=\"_blank\" rel=\"noopener\">ELU<\/a>), \u00e9galement si\u00e8ge d&rsquo;Elan Sud, maison d&rsquo;\u00e9dition ind\u00e9pendante, organise plusieurs rendez-vous autour de la litt\u00e9rature. Salon du livre, atelier d&rsquo;\u00e9criture, et rencontres \u00ab\u00a0multiculturelles\u00a0\u00bb, Dominique Lin et Corinne Niederhoffer, fondateurs d&rsquo;ELU, font vivre leur association depuis 2007. <\/p>\n<p>\u00ab\u00a0On compte cinquante b\u00e9n\u00e9voles, interg\u00e9n\u00e9rationnels. Le but de notre association c&rsquo;est de s&rsquo;ouvrir \u00e0 tout, d&rsquo;avoir une interaction avec tous nos adh\u00e9rents, et de repr\u00e9senter toutes les g\u00e9n\u00e9rations\u00a0\u00bb, insiste Dominique Lin.\u00a0<\/p>\n<p>Faciliter l&rsquo;acc\u00e8s \u00e0 la lecture<\/p>\n<p>ELU s&rsquo;est lanc\u00e9e en 2007, avec son \u00e9v\u00e9nement annuel \u00ab\u00a0<a href=\"https:\/\/www.laprovence.com\/article\/region\/46409159574232\/orange-l-antre-des-livres-va-creer-son-prix-litteraire\" target=\"_blank\" rel=\"noopener\">l&rsquo;Antre des livres<\/a>\u00ab\u00a0, une de ses actions phares. Un festival de l&rsquo;\u00e9dition ind\u00e9pendante qui rassemble de nombreux ouvrages d&rsquo;\u00e9diteurs, \u00e9videmment ind\u00e9pendants, venus des quatre coins de France et m\u00eame de l&rsquo;\u00e9tranger, s\u00e9lectionn\u00e9s et tri\u00e9s sur le volet en ad\u00e9quation avec une ligne \u00e9ditoriale.<\/p>\n<p>\u00ab\u00a0Cet \u00e9v\u00e9nement permet une grosse interaction avec le public\u00a0\u00bb, admet la fondatrice Corinne Niederhoffer. Faciliter l&rsquo;acc\u00e8s \u00e0 la lecture \u00e0 tous les publics, sans distinction, c&rsquo;est l&rsquo;ambition qui anime Domine Lin et sa compagne. Le salon, qui devait \u00eatre organis\u00e9 au mois de mai, a finalement \u00e9t\u00e9 <a href=\"https:\/\/www.laprovence.com\/article\/region\/2143518700756914\/le-salon-lantre-des-livres-a-orange-reporte-a-lautomne\" target=\"_blank\" rel=\"noopener\">report\u00e9 au 11 et 12 octobre prochain<\/a>, au th\u00e9\u00e2tre municipal.<\/p>\n<p>Les rendez-vous du mercredi<\/p>\n<p>Chaque mercredi, une fois par mois, l&rsquo;association organise \u00ab\u00a0les rendez-vous du mercredi\u00a0\u00bb. Un \u00e9v\u00e9nement qui se compose autour d&rsquo;un ou une invit\u00e9, sur des th\u00e8mes vari\u00e9s, ayant un rapport avec une lecture.<\/p>\n<p>Le prochain rendez-vous a lieu ce mercredi 4 juin, \u00e0 19h, en compagnie de Marie-Laure Potel. La soir\u00e9e s&rsquo;articulera autour du th\u00e8me \u00ab\u00a0chanter est un plaisir\u00a0\u00bb, avec Envie de chanter ? Une nouvelle approche du chant, un ouvrage de l&rsquo;intervenante.\u00a0<\/p>\n<p>Pousser les jeunes vers le livre<\/p>\n<p>Malgr\u00e9 des difficult\u00e9s financi\u00e8res propres au monde associatif, les fondateurs pensent \u00e0 d&rsquo;autres projets qu&rsquo;ils pourraient mettre en place. Aller au contact des \u00e9l\u00e8ves dans les <a href=\"https:\/\/www.laprovence.com\/article\/region\/79485508365991\/orange-une-nouvelle-annee-scolaire-debute-dans-la-cite-des-princes\" target=\"_blank\" rel=\"noopener\">\u00e9tablissements scolaires<\/a>, renseigner les jeunes sur l&rsquo;univers du livre et de l&rsquo;\u00e9dition et les impliquer dans l&rsquo;accueil au sein de l&rsquo;association.<\/p>\n<p>\u00ab\u00a0Il faut que les jeunes se rendent compte que le livre n&rsquo;est pas une canette de soda que l&rsquo;on prend et qu&rsquo;on pose lorsqu&rsquo;on n&rsquo;en veut plus. Non, il y a une v\u00e9ritable cha\u00eene derri\u00e8re\u00a0\u00bb, avance Dominique Lin. Il pousse \u00e9galement en faveur de la cr\u00e9ation de bons d&rsquo;achats, disponibles sur le salon du livre, qui serviraient \u00e0 acheter des bouquins. \u00ab\u00a0On veut donner la parole \u00e0 toutes les g\u00e9n\u00e9rations\u00a0\u00bb.<\/p>\n<p>Les rendez-vous du mercredi : mercredi 4 juin \u00e0 19h au 233 rue de Rome, \u00e0 Orange.<\/p>\n","protected":false},"excerpt":{"rendered":"L&rsquo;association Expressions litt\u00e9raires universelles (ELU), \u00e9galement si\u00e8ge d&rsquo;Elan Sud, maison d&rsquo;\u00e9dition ind\u00e9pendante, organise plusieurs rendez-vous autour de la&hellip;\n","protected":false},"author":2,"featured_media":145857,"comment_status":"","ping_status":"","sticky":false,"template":"","format":"standard","meta":{"footnotes":""},"categories":[1357],"tags":[17,1379,6521,251,58,14192,59,1011,27,9445,2003,1380,3736,738,2407],"class_list":{"0":"post-145856","1":"post","2":"type-post","3":"status-publish","4":"format-standard","5":"has-post-thumbnail","7":"category-livres","8":"tag-17","9":"tag-books","10":"tag-coeur","11":"tag-culture","12":"tag-divertissement","13":"tag-elu","14":"tag-entertainment","15":"tag-fr","16":"tag-france","17":"tag-lassociation","18":"tag-livre","19":"tag-livres","20":"tag-met","21":"tag-orange","22":"tag-ses"},"share_on_mastodon":{"url":"https:\/\/pubeurope.com\/@fr\/114612610199518975","error":""},"_links":{"self":[{"href":"https:\/\/www.europesays.com\/fr\/wp-json\/wp\/v2\/posts\/145856","targetHints":{"allow":["GET"]}}],"collection":[{"href":"https:\/\/www.europesays.com\/fr\/wp-json\/wp\/v2\/posts"}],"about":[{"href":"https:\/\/www.europesays.com\/fr\/wp-json\/wp\/v2\/types\/post"}],"author":[{"embeddable":true,"href":"https:\/\/www.europesays.com\/fr\/wp-json\/wp\/v2\/users\/2"}],"replies":[{"embeddable":true,"href":"https:\/\/www.europesays.com\/fr\/wp-json\/wp\/v2\/comments?post=145856"}],"version-history":[{"count":0,"href":"https:\/\/www.europesays.com\/fr\/wp-json\/wp\/v2\/posts\/145856\/revisions"}],"wp:featuredmedia":[{"embeddable":true,"href":"https:\/\/www.europesays.com\/fr\/wp-json\/wp\/v2\/media\/145857"}],"wp:attachment":[{"href":"https:\/\/www.europesays.com\/fr\/wp-json\/wp\/v2\/media?parent=145856"}],"wp:term":[{"taxonomy":"category","embeddable":true,"href":"https:\/\/www.europesays.com\/fr\/wp-json\/wp\/v2\/categories?post=145856"},{"taxonomy":"post_tag","embeddable":true,"href":"https:\/\/www.europesays.com\/fr\/wp-json\/wp\/v2\/tags?post=145856"}],"curies":[{"name":"wp","href":"https:\/\/api.w.org\/{rel}","templated":true}]}}