{"id":145862,"date":"2025-06-02T07:35:19","date_gmt":"2025-06-02T07:35:19","guid":{"rendered":"https:\/\/www.europesays.com\/fr\/145862\/"},"modified":"2025-06-02T07:35:19","modified_gmt":"2025-06-02T07:35:19","slug":"le-film-les-dents-de-la-mer-projete-sur-la-cote-pour-ses-50-ans","status":"publish","type":"post","link":"https:\/\/www.europesays.com\/fr\/145862\/","title":{"rendered":"le film \u201cLes Dents de la Mer\u201d projet\u00e9 sur la c\u00f4te pour ses 50 ans"},"content":{"rendered":"<p><img decoding=\"async\" class=\"\" style=\"width:100%;max-width:100%\" src=\"https:\/\/www.europesays.com\/fr\/wp-content\/uploads\/2025\/06\/Les_dents_de_la_mer_OK1748438894573-format16by9.png\" alt=\"illustration Les Dents de la Mer\"\/><\/p>\n<p>Photo d&rsquo;illustration.<\/p>\n<p>Cr\u00e9dit : Illustration Envato\u00a0&#8211; DR<\/p>\n<p style=\"text-align: justify;\"><strong>En 1975 sortait l\u2019un des films \u00e0 succ\u00e8s de Steven Spielberg, <\/strong><strong>Les Dents de la Mer. <\/strong><strong>Pour c\u00e9l\u00e9brer le cinquantenaire du blockbuster, une projection en plein air est pr\u00e9vue aux Sables-d\u2019Olonne.<\/strong><\/p>\n<p style=\"text-align: justify;\">Le 20 juin prochain, \u00e0 21h, il sera possible de (re)d\u00e9couvrir <strong>Les Dents de la Mer <\/strong><strong>sur grand \u00e9cran<\/strong>, non dans une salle de cin\u00e9ma, mais sur la plage ! Plus pr\u00e9cis\u00e9ment sur le <strong>bassin Dombret au quartier de la Chaume<\/strong>, un bassin naturel d&rsquo;eau de mer nich\u00e9 parmi les criques de la c\u00f4te rocheuse.<\/p>\n<p style=\"text-align: justify;\">Le Grand Palace promet une soir\u00e9e unique, organis\u00e9e <strong>en collaboration avec Universal France<\/strong> : \u201cPr\u00e9parez-vous \u00e0 frissonner et \u00e0 vivre une <strong>immersion totale dans l\u2019univers du plus c\u00e9l\u00e8bre des requins !<\/strong>\u201d Au programme : transats pour la s\u00e9ance, DJ set des ann\u00e9es 70, animations surprises, boissons\u2026<\/p>\n<p style=\"text-align: justify;\">Les <strong>inscriptions sont ouvertes depuis lundi 26 mai au Grand Palace<\/strong> des Sables-d&rsquo;Olonne ou sur leur <a href=\"https:\/\/cinema-legrandpalace.fr\/FR\/fiche-film-cinema\/MSOLPU\/les-dents-de-la-mer.html\" rel=\"noopener nofollow\" target=\"_blank\"><strong>site<\/strong><\/a>. La s\u00e9ance est <strong>interdite aux moins de 12 ans<\/strong> et limit\u00e9e \u00e0 300 places. <\/p>\n","protected":false},"excerpt":{"rendered":"Photo d&rsquo;illustration. Cr\u00e9dit : Illustration Envato\u00a0&#8211; DR En 1975 sortait l\u2019un des films \u00e0 succ\u00e8s de Steven Spielberg,&hellip;\n","protected":false},"author":2,"featured_media":145863,"comment_status":"","ping_status":"","sticky":false,"template":"","format":"standard","meta":{"footnotes":""},"categories":[1354],"tags":[4414,27493,27494,650,27490,58,27492,59,2081,1346,1011,27,27488,27489,1360,16962,13737,27491,2546],"class_list":{"0":"post-145862","1":"post","2":"type-post","3":"status-publish","4":"format-standard","5":"has-post-thumbnail","7":"category-films","8":"tag-50-ans","9":"tag-bassin","10":"tag-chaume","11":"tag-cinema","12":"tag-cote-vendeenne","13":"tag-divertissement","14":"tag-dombret","15":"tag-entertainment","16":"tag-film","17":"tag-films","18":"tag-fr","19":"tag-france","20":"tag-les-dents-de-la-mer","21":"tag-les-sables-dolonne","22":"tag-movies","23":"tag-plein-air","24":"tag-projection","25":"tag-steven-spielberg","26":"tag-vendee"},"share_on_mastodon":{"url":"https:\/\/pubeurope.com\/@fr\/114612622174109585","error":""},"_links":{"self":[{"href":"https:\/\/www.europesays.com\/fr\/wp-json\/wp\/v2\/posts\/145862","targetHints":{"allow":["GET"]}}],"collection":[{"href":"https:\/\/www.europesays.com\/fr\/wp-json\/wp\/v2\/posts"}],"about":[{"href":"https:\/\/www.europesays.com\/fr\/wp-json\/wp\/v2\/types\/post"}],"author":[{"embeddable":true,"href":"https:\/\/www.europesays.com\/fr\/wp-json\/wp\/v2\/users\/2"}],"replies":[{"embeddable":true,"href":"https:\/\/www.europesays.com\/fr\/wp-json\/wp\/v2\/comments?post=145862"}],"version-history":[{"count":0,"href":"https:\/\/www.europesays.com\/fr\/wp-json\/wp\/v2\/posts\/145862\/revisions"}],"wp:featuredmedia":[{"embeddable":true,"href":"https:\/\/www.europesays.com\/fr\/wp-json\/wp\/v2\/media\/145863"}],"wp:attachment":[{"href":"https:\/\/www.europesays.com\/fr\/wp-json\/wp\/v2\/media?parent=145862"}],"wp:term":[{"taxonomy":"category","embeddable":true,"href":"https:\/\/www.europesays.com\/fr\/wp-json\/wp\/v2\/categories?post=145862"},{"taxonomy":"post_tag","embeddable":true,"href":"https:\/\/www.europesays.com\/fr\/wp-json\/wp\/v2\/tags?post=145862"}],"curies":[{"name":"wp","href":"https:\/\/api.w.org\/{rel}","templated":true}]}}