{"id":145868,"date":"2025-06-02T07:38:08","date_gmt":"2025-06-02T07:38:08","guid":{"rendered":"https:\/\/www.europesays.com\/fr\/145868\/"},"modified":"2025-06-02T07:38:08","modified_gmt":"2025-06-02T07:38:08","slug":"je-ne-tappartiens-pas-alors-bats-toi-stephane-bern-son-compagnon-le-met-en-garde-apres-5-ans-de-relation","status":"publish","type":"post","link":"https:\/\/www.europesays.com\/fr\/145868\/","title":{"rendered":"\u00ab\u00a0Je ne t\u2019appartiens pas alors bats-toi !\u00a0\u00bb, St\u00e9phane Bern, son compagnon le met en garde apr\u00e8s 5 ans de relation"},"content":{"rendered":"<p>      R\u00e9sum\u00e9<\/p>\n<p>Apr\u00e8s cinq ans de relation, Yori Bailleres exhorte St\u00e9phane Bern \u00e0 pr\u00e9server leur amour avec passion, affirmant que rien n\u2019est jamais acquis dans leur couple.<\/p>\n<p>        Sommaire<\/p>\n<p><a href=\"https:\/\/www.public.fr\/tag\/stephane-bern\" target=\"_blank\" rel=\"noopener\">St\u00e9phane Bern<\/a> et Yori Bailleres traverseraient-ils une zone de turbulence ? La derni\u00e8re publication <a href=\"https:\/\/www.tiktok.com\/@yoribailleres\" target=\"_blank\" rel=\"noreferrer noopener\">TikTok<\/a> du compagnon de l&rsquo;animateur s\u00e8me le doute\u2026<\/p>\n<p>Sur le r\u00e9seau social, le ch\u00e9ri de St\u00e9phane Bern a en effet doubl\u00e9 les paroles d&rsquo;une femme en d\u00e9tresse. \u00ab\u00a0<strong>Regarde-moi. Bats-toi, mon fr\u00e8re. Tu veux \u00e7a ? Alors bats-toi. Ce n&rsquo;est pas acquis. Je ne t&rsquo;appartiens pas, en fait. Je suis un \u00eatre humain, je peux changer \u00e0 tout moment. Donc bats-toi pour garder la flamme. \u00c0 tout moment, je peux glisser<\/strong>\u00ab\u00a0, peut-on l&rsquo;entendre dire. Mais ce n&rsquo;est pas tout ! <\/p>\n<p>Yori Bailleres : \u00ab\u00a0Rien n\u2019est jamais acquis\u00a0\u00bb<\/p>\n<p>En l\u00e9gende, Yori s&rsquo;est aussi adress\u00e9 directement \u00e0 son amoureux. \u00ab\u00a0Cher St\u00e9phane Bern, <strong>cela fait 5 ans aujourd\u2019hui que nous sommes en couple alors, je tenais \u00e0 te dire que je t\u2019aime\u2026 mais que rien n\u2019est jamais acquis\u2026<\/strong>\u00ab\u00a0, a-t-il \u00e9crit avant d&rsquo;ajouter : \u00ab\u00a05 ans, 5 buts\u2026 &lsquo;champion mon fr\u00e8re\u00a0!&rsquo; comme dirait certains. Alors continuons \u00e0 garder cette flamme qui nous transcende chaque jour et qui fait de nous un couple si fusionnel\u2026 un million de baisers ici et l\u00e0\u2026\u00a0\u00bb Une publication qui a suscit\u00e9 de vives r\u00e9actions. <\/p>\n<p>\u00ab\u00a0Mon fou rire du jour\u00a0\u00bb, \u00ab\u00a0Pur\u00e9e, vous \u00eates tellement dr\u00f4le\u00a0\u00bb, \u00ab\u00a0La flamme voir l\u2019incendie dans son c\u0153ur\u00a0\u00bb, \u00ab\u00a0C&rsquo;est bon, c&rsquo;est le meilleur tiktokeur\u00a0\u00bb, \u00ab\u00a0Plein de bonheur toujours\u00a0\u00bb, \u00ab\u00a0J&rsquo;adore\u00a0\u00bb, ont comment\u00e9 plusieurs fans de St\u00e9phane Bern. <\/p>\n<p>St\u00e9phane Bern \u00e0 c\u0153ur ouvert sur son couple<\/p>\n<p>Tr\u00e8s discret sur sa vie priv\u00e9e, <a href=\"https:\/\/www.public.fr\/stephane-bern-il-parle-sans-detour-de-son-histoire-d-amour-avec-son-compagnon-yori-bailleres\" target=\"_blank\" rel=\"noopener\">St\u00e9phane Bern a d\u00e9j\u00e0 \u00e9voqu\u00e9 son histoire d&rsquo;amour avec Yori<\/a> dans les m\u00e9dias. En d\u00e9cembre 2021, c&rsquo;est lors d&rsquo;une interview accord\u00e9e \u00e0 T\u00e9l\u00e9 Magazine que la star de Secrets d&rsquo;Histoire s&rsquo;\u00e9tait livr\u00e9e comme jamais. <\/p>\n<p>\u00ab\u00a0<strong>C&rsquo;est vrai que je commen\u00e7ais \u00e0 perdre espoir. Et puis voil\u00e0, c&rsquo;est arriv\u00e9 et \u00e7a donne un nouvel \u00e9lan \u00e0 ma vie<\/strong>\u00ab\u00a0, avait-il confi\u00e9. <\/p>\n<p>Un beau message d\u2019espoir adress\u00e9 \u00e0 ses fans qui avaient pu voir, en juillet de la m\u00eame ann\u00e9e, sur le compte Insta de St\u00e9phane Bern, une jolie photo du couple, en coulisses du Concert de Paris pour France 2, avec la l\u00e9gende touchante\u00a0: \u00ab\u00a0C\u2019est bon de se sentir \u00e9paul\u00e9 et aim\u00e9, merci Yori.\u00a0\u00bb <\/p>\n<p>      Mentionn\u00e9s dans cet article<\/p>\n<p>\u00c0 lire aussi<\/p>\n<p><script async src=\"\/\/www.tiktok.com\/embed.js\"><\/script><\/p>\n","protected":false},"excerpt":{"rendered":"R\u00e9sum\u00e9 Apr\u00e8s cinq ans de relation, Yori Bailleres exhorte St\u00e9phane Bern \u00e0 pr\u00e9server leur amour avec passion, affirmant&hellip;\n","protected":false},"author":2,"featured_media":145869,"comment_status":"","ping_status":"","sticky":false,"template":"","format":"standard","meta":{"footnotes":""},"categories":[8],"tags":[1193,58,59,1011,27,18875],"class_list":{"0":"post-145868","1":"post","2":"type-post","3":"status-publish","4":"format-standard","5":"has-post-thumbnail","7":"category-divertissement","8":"tag-couple","9":"tag-divertissement","10":"tag-entertainment","11":"tag-fr","12":"tag-france","13":"tag-stephane-bern"},"share_on_mastodon":{"url":"https:\/\/pubeurope.com\/@fr\/114612634024823124","error":""},"_links":{"self":[{"href":"https:\/\/www.europesays.com\/fr\/wp-json\/wp\/v2\/posts\/145868","targetHints":{"allow":["GET"]}}],"collection":[{"href":"https:\/\/www.europesays.com\/fr\/wp-json\/wp\/v2\/posts"}],"about":[{"href":"https:\/\/www.europesays.com\/fr\/wp-json\/wp\/v2\/types\/post"}],"author":[{"embeddable":true,"href":"https:\/\/www.europesays.com\/fr\/wp-json\/wp\/v2\/users\/2"}],"replies":[{"embeddable":true,"href":"https:\/\/www.europesays.com\/fr\/wp-json\/wp\/v2\/comments?post=145868"}],"version-history":[{"count":0,"href":"https:\/\/www.europesays.com\/fr\/wp-json\/wp\/v2\/posts\/145868\/revisions"}],"wp:featuredmedia":[{"embeddable":true,"href":"https:\/\/www.europesays.com\/fr\/wp-json\/wp\/v2\/media\/145869"}],"wp:attachment":[{"href":"https:\/\/www.europesays.com\/fr\/wp-json\/wp\/v2\/media?parent=145868"}],"wp:term":[{"taxonomy":"category","embeddable":true,"href":"https:\/\/www.europesays.com\/fr\/wp-json\/wp\/v2\/categories?post=145868"},{"taxonomy":"post_tag","embeddable":true,"href":"https:\/\/www.europesays.com\/fr\/wp-json\/wp\/v2\/tags?post=145868"}],"curies":[{"name":"wp","href":"https:\/\/api.w.org\/{rel}","templated":true}]}}