{"id":145876,"date":"2025-06-02T07:42:10","date_gmt":"2025-06-02T07:42:10","guid":{"rendered":"https:\/\/www.europesays.com\/fr\/145876\/"},"modified":"2025-06-02T07:42:10","modified_gmt":"2025-06-02T07:42:10","slug":"bruno-retailleau-denonce-les-barbares-lfi-et-le-rn-le-chargent","status":"publish","type":"post","link":"https:\/\/www.europesays.com\/fr\/145876\/","title":{"rendered":"Bruno Retailleau d\u00e9nonce les \u00ab\u00a0barbares\u00a0\u00bb, LFI et le RN le chargent"},"content":{"rendered":"<p>Passe d\u2019armes entre les camps politiques. La victoire du <a href=\"https:\/\/www.20minutes.fr\/sport\/psg\/\" class=\"color-ultramarine c-link\" target=\"_blank\" rel=\"noopener\">Paris-Saint-Germain<\/a> face \u00e0 l\u2019<a href=\"https:\/\/www.20minutes.fr\/sport\/inter_milan\/\" class=\"color-ultramarine c-link\" target=\"_blank\" rel=\"noopener\">Inter Milan<\/a> en finale de la Ligue des champions, samedi soir, a \u00e9t\u00e9 entach\u00e9e par plusieurs incidents. Le <a href=\"https:\/\/www.20minutes.fr\/dossier\/ministre_de_l_interieur\" class=\"color-ultramarine c-link\" target=\"_blank\" rel=\"noopener\">ministre de l\u2019Int\u00e9rieur<\/a> et nouveau patron de <a href=\"https:\/\/www.20minutes.fr\/politique\/lr\/\" class=\"color-ultramarine c-link\" target=\"_blank\" rel=\"noopener\">LR<\/a>, <a href=\"https:\/\/www.20minutes.fr\/dossier\/bruno_retailleau\" class=\"color-ultramarine c-link\" target=\"_blank\" rel=\"noopener\">Bruno Retailleau<\/a>, a dit \u00ab\u00a0sa col\u00e8re\u00a0\u00bb face aux \u00ab\u00a0barbares\u00a0\u00bb, qui ont d\u00e9grad\u00e9 des voitures samedi mais aussi dimanche, en marge d\u2019autres c\u00e9l\u00e9brations du r\u00e9sultat. \u00ab\u00a0Cette fabrique de barbares a \u00e9t\u00e9 engendr\u00e9e par une soci\u00e9t\u00e9, qui pendant des d\u00e9cennies, a d\u00e9construit tous les cadres communs qui permettent \u00e0 une soci\u00e9t\u00e9 de tenir debout\u00a0\u00bb, a-t-il r\u00e9p\u00e9t\u00e9.<\/p>\n<p>Le <a href=\"https:\/\/www.20minutes.fr\/politique\/rassemblement-national\/\" class=\"color-ultramarine c-link\" target=\"_blank\" rel=\"noopener\">Rassemblement national<\/a> (RN) et <a href=\"https:\/\/www.20minutes.fr\/politique\/france-insoumise\/\" class=\"color-ultramarine c-link\" target=\"_blank\" rel=\"noopener\">La France insoumise<\/a> (LFI) ont mis en avant la responsabilit\u00e9 du ministre de l\u2019Int\u00e9rieur Bruno Retailleau dans les incidents et violences survenus. \u00ab\u00a0Le risque s\u00e9curitaire de cette soir\u00e9e a \u00e9t\u00e9 manifestement sous-estim\u00e9, et le dispositif sous-dimensionn\u00e9, a accus\u00e9 <a href=\"https:\/\/www.20minutes.fr\/politique\/jordan-bardella\/\" class=\"color-ultramarine c-link\" target=\"_blank\" rel=\"noopener\">Jordan Bardella<\/a> par un message sur X. Paris est livr\u00e9e aux \u00e9meutiers.\u00a0\u00bb \u00ab\u00a0C\u2019est un fiasco \u00e9videmment\u00a0\u00bb, a abond\u00e9 dimanche le vice-pr\u00e9sident du RN S\u00e9bastien Chenu, <a href=\"https:\/\/www.rtl.fr\/actu\/politique\/le-psg-gagne-les-francais-perdent-sebastien-chenu-denonce-un-fiasco-securitaire-et-etrille-bruno-retailleau-sur-rtl-7900510976\" rel=\"nofollow noopener\" target=\"_blank\" class=\"color-ultramarine c-link\">invit\u00e9 du Grand Jury RTL\/Le Figaro\/Public S\u00e9nat\/M6<\/a>.<\/p>\n<p>\u00ab\u00a0Ce vocabulaire d\u00e9shumanise une partie de la population\u00a0\u00bb<\/p>\n<p>A gauche, le coordinateur de <a href=\"https:\/\/www.20minutes.fr\/politique\/france-insoumise\/\" class=\"color-ultramarine c-link\" target=\"_blank\" rel=\"noopener\">La France insoumise<\/a>, <a href=\"https:\/\/www.20minutes.fr\/politique\/manuel-bompard\/\" class=\"color-ultramarine c-link\" target=\"_blank\" rel=\"noopener\">Manuel Bompard<\/a>, a estim\u00e9 sur <a href=\"https:\/\/www.franceinfo.fr\/replay-magazine\/france-3\/dimanche-en-politique\/dimanche-en-politique-avec-manuel-bompard_7282131.html\" target=\"_blank\" class=\"color-ultramarine c-link\" rel=\"noopener\">France 3<\/a> que Bruno Retailleau devait \u00ab\u00a0rendre des comptes\u00a0\u00bb. Il \u00ab\u00a0aurait mieux fait d\u2019accomplir\u00a0\u00bb sa mission de \u00ab\u00a0garantir le fait que ces festivit\u00e9s puissent se passer dans les meilleures conditions possibles plut\u00f4t que de venir mettre de l\u2019huile sur le feu\u00a0\u00bb, en employant le terme de \u00ab\u00a0barbares\u00a0\u00bb. \u00ab\u00a0Tout ce vocabulaire qui vise \u00e0 d\u00e9shumaniser une partie de la population fran\u00e7aise, je le trouve extr\u00eamement, extr\u00eamement choquant\u00a0\u00bb, a comment\u00e9 Manuel Bompard, \u00e9voquant des \u00ab\u00a0sous-jacents\u00a0\u00bb avec des \u00ab\u00a0relents racistes\u00a0\u00bb derri\u00e8re ces termes. \u00ab\u00a0Hier, dans les rues de Paris il y avait surtout des supporters\u00a0\u00bb, a-t-il soulign\u00e9.<\/p>\n<\/p>\n<p>Col\u00e8re de Bruno Retailleau quelques heures plus tard lors d\u2019un point presse o\u00f9 il a accus\u00e9 le RN de \u00ab\u00a0tromper les Fran\u00e7ais\u00a0\u00bb et LFI \u00ab\u00a0d\u2019encourager la violence\u00a0\u00bb. Le ministre a jug\u00e9 que le dispositif s\u00e9curitaire autour du sacre du PSG avait \u00e9t\u00e9 \u00ab\u00a0\u00e0 la hauteur\u00a0\u00bb, tandis que le pr\u00e9fet de police de Paris <a href=\"https:\/\/www.20minutes.fr\/politique\/laurent-nunez\/\" class=\"color-ultramarine c-link\" target=\"_blank\" rel=\"noopener\">Laurent Nu\u00f1ez<\/a> a estim\u00e9 qu\u2019il n\u2019\u00e9tait \u00ab\u00a0ni une r\u00e9ussite, ni un \u00e9chec\u00a0\u00bb.<\/p>\n<p>Outre les bless\u00e9s et les d\u00e9gradations mat\u00e9rielles, la grande f\u00eate apr\u00e8s la victoire a \u00e9t\u00e9 assombrie par deux morts\u00a0: celle d\u2019un mineur \u00e0 Dax et celle d\u2019un jeune homme \u00e0 Paris.<\/p>\n","protected":false},"excerpt":{"rendered":"Passe d\u2019armes entre les camps politiques. La victoire du Paris-Saint-Germain face \u00e0 l\u2019Inter Milan en finale de la&hellip;\n","protected":false},"author":2,"featured_media":145877,"comment_status":"","ping_status":"","sticky":false,"template":"","format":"standard","meta":{"footnotes":""},"categories":[4],"tags":[47,11,1013,63,1011,27,1077,1023,447,17852,7088,12,2332,316,2556,25],"class_list":{"0":"post-145876","1":"post","2":"type-post","3":"status-publish","4":"format-standard","5":"has-post-thumbnail","7":"category-france","8":"tag-actualite","9":"tag-actualites","10":"tag-bruno-retailleau","11":"tag-football","12":"tag-fr","13":"tag-france","14":"tag-jordan-bardella","15":"tag-la-france-insoumise-lfi","16":"tag-ligue-des-champions","17":"tag-manuel-bompard","18":"tag-ministre-de-linterieur","19":"tag-news","20":"tag-paris-saint-germain-psg","21":"tag-politique","22":"tag-rassemblement-national-rn","23":"tag-republique-francaise"},"share_on_mastodon":{"url":"https:\/\/pubeurope.com\/@fr\/114612649546564560","error":""},"_links":{"self":[{"href":"https:\/\/www.europesays.com\/fr\/wp-json\/wp\/v2\/posts\/145876","targetHints":{"allow":["GET"]}}],"collection":[{"href":"https:\/\/www.europesays.com\/fr\/wp-json\/wp\/v2\/posts"}],"about":[{"href":"https:\/\/www.europesays.com\/fr\/wp-json\/wp\/v2\/types\/post"}],"author":[{"embeddable":true,"href":"https:\/\/www.europesays.com\/fr\/wp-json\/wp\/v2\/users\/2"}],"replies":[{"embeddable":true,"href":"https:\/\/www.europesays.com\/fr\/wp-json\/wp\/v2\/comments?post=145876"}],"version-history":[{"count":0,"href":"https:\/\/www.europesays.com\/fr\/wp-json\/wp\/v2\/posts\/145876\/revisions"}],"wp:featuredmedia":[{"embeddable":true,"href":"https:\/\/www.europesays.com\/fr\/wp-json\/wp\/v2\/media\/145877"}],"wp:attachment":[{"href":"https:\/\/www.europesays.com\/fr\/wp-json\/wp\/v2\/media?parent=145876"}],"wp:term":[{"taxonomy":"category","embeddable":true,"href":"https:\/\/www.europesays.com\/fr\/wp-json\/wp\/v2\/categories?post=145876"},{"taxonomy":"post_tag","embeddable":true,"href":"https:\/\/www.europesays.com\/fr\/wp-json\/wp\/v2\/tags?post=145876"}],"curies":[{"name":"wp","href":"https:\/\/api.w.org\/{rel}","templated":true}]}}