{"id":145880,"date":"2025-06-02T07:44:15","date_gmt":"2025-06-02T07:44:15","guid":{"rendered":"https:\/\/www.europesays.com\/fr\/145880\/"},"modified":"2025-06-02T07:44:15","modified_gmt":"2025-06-02T07:44:15","slug":"pierre-garnier-cloture-la-saison-dans-un-zenith-surchauffe","status":"publish","type":"post","link":"https:\/\/www.europesays.com\/fr\/145880\/","title":{"rendered":"Pierre Garnier cl\u00f4ture la saison dans un Z\u00e9nith surchauff\u00e9"},"content":{"rendered":"<p>Si l\u2019ambiance \u00e9tait \u00e9lectrique niveau m\u00e9t\u00e9o, ce dimanche \u00e0 Saint-\u00c9tienne, elle l\u2019\u00e9tait tout autant au Z\u00e9nith. Car Pierre Garnier, grand vainqueur l\u2019an dernier de la Star Academy, a \u00e9lectris\u00e9 la foule\u00a0!<\/p>\n<p>Dans la fosse, on a vu s\u2019agiter pancartes \u00e0 son effigie ou autres panneaux \u00ab\u00a0Pierre on t\u2019aiiiiime\u00a0\u00bb et lorsqu\u2019il appara\u00eet sur sc\u00e8ne apr\u00e8s une intro tr\u00e8s stroboscopique, les cris du public (et notamment des spectatrices) ont fait sauter les d\u00e9cibels. Serait-ce la Garnier mania\u00a0? On pourrait presque le dire en voyant tant de monde fredonner les chansons de son premier album.<\/p>\n<p>Un public acquis d\u00e8s l&rsquo;entame<\/p>\n<p>Il attaque dans un \u00e9crin bleu, sur une sc\u00e8ne arrondie et sur\u00e9lev\u00e9e. Lui est tout de blanc v\u00eatu, cheveux tir\u00e9s en arri\u00e8re, au milieu d\u2019immenses \u00e9crans incurv\u00e9s. Il livre les premi\u00e8res notes de \u00ab\u00a0Comment faire\u00a0\u00bb avec sa voix rauque caract\u00e9ristique. \u00ab\u00a0Vous avez l\u2019air tr\u00e8s chauds ce soir \u00e0 Saint-\u00c9tienne\u00a0\u00bb, l\u00e2che-t-il \u00e0 une foule totalement acquise \u00e0 sa cause.<\/p>\n<p>Il balaye ensuite son n\u00e9or\u00e9pertoire en encha\u00eenant sur \u00ab\u00a0Comme toi\u00a0\u00bb puis sur \u00ab\u00a0Ce qui me va\u00a0\u00bb. Mais l\u00e0 o\u00f9 le public s\u2019est transcend\u00e9 c\u2019est incontestablement sur \u00ab\u00a0Ceux qu\u2019on \u00e9tait\u00a0\u00bb, titre embl\u00e9matique qui lui a valu de remporter une victoire de la musique pour cet opus.<\/p>\n<p>  1h45 de show<\/p>\n<p>Pendant pr\u00e8s de 1h45 de show, il n\u2019h\u00e9site pas \u00e0 prendre la gratte, son instrument f\u00e9tiche qu\u2019il mettait r\u00e9guli\u00e8rement en avant dans les quotidiennes de la Star\u2019Ac. Il y a de la fum\u00e9e qui crache sur les c\u00f4t\u00e9s. Il est accompagn\u00e9 par quatre musiciens et deux choristes. Il rend \u00e9galement hommage \u00e0 ceux qui l\u2019ont inspir\u00e9, comme avec la reprise de Justin Timberlake \u00ab\u00a0Say something\u00a0\u00bb.<\/p>\n<p>Malgr\u00e9 cette success-story, et m\u00eame si l\u2019on aurait appr\u00e9ci\u00e9 davantage de l\u00e2cher prise de la part du chanteur (moins scolaire), Pierre Garnier garde les pieds sur terre\u00a0: \u00ab\u00a0avant toute chose, je voudrais vous dire merci, car c\u2019est gr\u00e2ce \u00e0 vous que je peux r\u00e9aliser mon r\u00eave tous les jours en montant sur sc\u00e8ne\u00a0\u00bb. Il n\u2019en fallait pas plus pour faire chavirer les fans.<\/p>\n<p class=\"note\">Pierre Garnier sera aux Nuits de Saint-Jacques au Puy-en-Velay le vendredi 25\u00a0juillet 2025, avec \u00e9galement Deluxe et Boulevard des Airs. Tarifs de 37,50\u00a0euros \u00e0 50\u00a0euros.<\/p>\n","protected":false},"excerpt":{"rendered":"Si l\u2019ambiance \u00e9tait \u00e9lectrique niveau m\u00e9t\u00e9o, ce dimanche \u00e0 Saint-\u00c9tienne, elle l\u2019\u00e9tait tout autant au Z\u00e9nith. Car Pierre&hellip;\n","protected":false},"author":2,"featured_media":145881,"comment_status":"","ping_status":"","sticky":false,"template":"","format":"standard","meta":{"footnotes":""},"categories":[9653],"tags":[1111,11,2430,1687,7539,1777,674,107,1011,27,3367,873,12,25,4001,7538],"class_list":{"0":"post-145880","1":"post","2":"type-post","3":"status-publish","4":"format-standard","5":"has-post-thumbnail","7":"category-saint-etienne","8":"tag-actu","9":"tag-actualites","10":"tag-auvergne-rhone-alpes","11":"tag-culture-loisirs","12":"tag-edition-loire-sud","13":"tag-eu","14":"tag-europe","15":"tag-fil-info","16":"tag-fr","17":"tag-france","18":"tag-loire","19":"tag-musique","20":"tag-news","21":"tag-republique-francaise","22":"tag-saint-etienne","23":"tag-saint-etienne-ville"},"share_on_mastodon":{"url":"https:\/\/pubeurope.com\/@fr\/114612657444685041","error":""},"_links":{"self":[{"href":"https:\/\/www.europesays.com\/fr\/wp-json\/wp\/v2\/posts\/145880","targetHints":{"allow":["GET"]}}],"collection":[{"href":"https:\/\/www.europesays.com\/fr\/wp-json\/wp\/v2\/posts"}],"about":[{"href":"https:\/\/www.europesays.com\/fr\/wp-json\/wp\/v2\/types\/post"}],"author":[{"embeddable":true,"href":"https:\/\/www.europesays.com\/fr\/wp-json\/wp\/v2\/users\/2"}],"replies":[{"embeddable":true,"href":"https:\/\/www.europesays.com\/fr\/wp-json\/wp\/v2\/comments?post=145880"}],"version-history":[{"count":0,"href":"https:\/\/www.europesays.com\/fr\/wp-json\/wp\/v2\/posts\/145880\/revisions"}],"wp:featuredmedia":[{"embeddable":true,"href":"https:\/\/www.europesays.com\/fr\/wp-json\/wp\/v2\/media\/145881"}],"wp:attachment":[{"href":"https:\/\/www.europesays.com\/fr\/wp-json\/wp\/v2\/media?parent=145880"}],"wp:term":[{"taxonomy":"category","embeddable":true,"href":"https:\/\/www.europesays.com\/fr\/wp-json\/wp\/v2\/categories?post=145880"},{"taxonomy":"post_tag","embeddable":true,"href":"https:\/\/www.europesays.com\/fr\/wp-json\/wp\/v2\/tags?post=145880"}],"curies":[{"name":"wp","href":"https:\/\/api.w.org\/{rel}","templated":true}]}}