{"id":145884,"date":"2025-06-02T07:47:11","date_gmt":"2025-06-02T07:47:11","guid":{"rendered":"https:\/\/www.europesays.com\/fr\/145884\/"},"modified":"2025-06-02T07:47:11","modified_gmt":"2025-06-02T07:47:11","slug":"nancy-un-attaquant-prolifique-de-national-convoite","status":"publish","type":"post","link":"https:\/\/www.europesays.com\/fr\/145884\/","title":{"rendered":"Nancy &#8211; Un attaquant prolifique de National convoit\u00e9 ?"},"content":{"rendered":"<p style=\"text-align: justify;\">Forte de son titre de championne de <strong>National<\/strong>, l\u2019<strong>AS Nancy Lorraine<\/strong> ne veut pas se tromper cet \u00e9t\u00e9 en vue de son retour en <strong>Ligue 2<\/strong>. Les Chardons devront trouver le bon \u00e9quilibre entre continuit\u00e9 et nouveaut\u00e9 afin d\u2019apporter quelques retouches pertinentes \u00e0 un groupe en r\u00e9ussite l\u2019an pass\u00e9. Le but ne sera donc pas de tout r\u00e9volutionner comme le mentionnait le coach <a href=\"https:\/\/maligue2.fr\/2025\/05\/13\/nancy-pablo-correa-sur-le-mercato-estival-on-ne-peut-pas-changer-la-moitie-dune-equipe-a-chaque-debut-de-saison\/\" target=\"_blank\" rel=\"noopener\">Pablo Correa<\/a> \u00e0 l\u2019issue de la saison, mais il faudra tout de m\u00eame faire en sorte de renforcer l\u2019effectif lorrain pour r\u00e9pondre aux attentes d\u2019une seconde division toujours aussi exigeante.<\/p>\n<p>\u00c0 lire aussi &gt;&gt;\u00a0<a href=\"https:\/\/maligue2.fr\/2025\/05\/25\/mercato-nancy-michael-chretien-recruter-cinq-ou-six-joueurs\/\" target=\"_blank\" rel=\"noopener\">Mercato Nancy \u2013 Micha\u00ebl Chr\u00e9tien : \u00ab Recruter cinq ou six joueurs \u00bb<\/a><\/p>\n<p style=\"text-align: justify;\">La volont\u00e9 de recruter un attaquant suppl\u00e9mentaire a rapidement \u00e9t\u00e9 affich\u00e9e par les dirigeants de l\u2019ASNL, et selon les informations de <a href=\"https:\/\/www.footmercato.net\/a839308065381950108-chateauroux-mathis-clairicia-est-proche-de-nancy\" target=\"_blank\" rel=\"noopener\">Foot Mercato<\/a>, cette envie pourrait se mat\u00e9rialiser prochainement. Auteur de 10 buts et 4 passes d\u00e9cisives avec la Berrichonne de Ch\u00e2teauroux au cours de l\u2019exercice 2024-2025, <strong>Mathis Clairicia<\/strong> n\u2019a pas pu sauver les siens de la rel\u00e9gation, mais il a en revanche r\u00e9alis\u00e9 une ann\u00e9e de qualit\u00e9 chez une formation en difficult\u00e9.<\/p>\n<p style=\"text-align: justify;\">Les prouesses du joueur de 22 ans ne laisseraient pas Nancy insensible, et le r\u00e9cent promu, qui pourrait faire face \u00e0 une certaine concurrence, serait tout de m\u00eame le mieux plac\u00e9 pour s\u2019attacher ses services indique le journaliste <a href=\"https:\/\/x.com\/Santi_J_FM\">Santi Aouna<\/a>. Pass\u00e9 par la formation de Fleury et Clermont, puis plus r\u00e9cemment par Thonon \u00c9vian en National 2, l\u2019attaquant d\u20191m88 conna\u00eet une v\u00e9ritable mont\u00e9e en puissance et pourrait bien d\u00e9couvrir le monde professionnel dans les mois \u00e0 venir.<\/p>\n<p>Photo by Kevin Domas\/Icon Sport<\/p>\n","protected":false},"excerpt":{"rendered":"Forte de son titre de championne de National, l\u2019AS Nancy Lorraine ne veut pas se tromper cet \u00e9t\u00e9&hellip;\n","protected":false},"author":2,"featured_media":145885,"comment_status":"","ping_status":"","sticky":false,"template":"","format":"standard","meta":{"footnotes":""},"categories":[9635],"tags":[1111,11,4351,1777,674,1011,27,775,1702,12,25],"class_list":{"0":"post-145884","1":"post","2":"type-post","3":"status-publish","4":"format-standard","5":"has-post-thumbnail","7":"category-nancy","8":"tag-actu","9":"tag-actualites","10":"tag-chateauroux","11":"tag-eu","12":"tag-europe","13":"tag-fr","14":"tag-france","15":"tag-grand-est","16":"tag-nancy","17":"tag-news","18":"tag-republique-francaise"},"share_on_mastodon":{"url":"https:\/\/pubeurope.com\/@fr\/114612669179227739","error":""},"_links":{"self":[{"href":"https:\/\/www.europesays.com\/fr\/wp-json\/wp\/v2\/posts\/145884","targetHints":{"allow":["GET"]}}],"collection":[{"href":"https:\/\/www.europesays.com\/fr\/wp-json\/wp\/v2\/posts"}],"about":[{"href":"https:\/\/www.europesays.com\/fr\/wp-json\/wp\/v2\/types\/post"}],"author":[{"embeddable":true,"href":"https:\/\/www.europesays.com\/fr\/wp-json\/wp\/v2\/users\/2"}],"replies":[{"embeddable":true,"href":"https:\/\/www.europesays.com\/fr\/wp-json\/wp\/v2\/comments?post=145884"}],"version-history":[{"count":0,"href":"https:\/\/www.europesays.com\/fr\/wp-json\/wp\/v2\/posts\/145884\/revisions"}],"wp:featuredmedia":[{"embeddable":true,"href":"https:\/\/www.europesays.com\/fr\/wp-json\/wp\/v2\/media\/145885"}],"wp:attachment":[{"href":"https:\/\/www.europesays.com\/fr\/wp-json\/wp\/v2\/media?parent=145884"}],"wp:term":[{"taxonomy":"category","embeddable":true,"href":"https:\/\/www.europesays.com\/fr\/wp-json\/wp\/v2\/categories?post=145884"},{"taxonomy":"post_tag","embeddable":true,"href":"https:\/\/www.europesays.com\/fr\/wp-json\/wp\/v2\/tags?post=145884"}],"curies":[{"name":"wp","href":"https:\/\/api.w.org\/{rel}","templated":true}]}}