{"id":145886,"date":"2025-06-02T07:48:10","date_gmt":"2025-06-02T07:48:10","guid":{"rendered":"https:\/\/www.europesays.com\/fr\/145886\/"},"modified":"2025-06-02T07:48:10","modified_gmt":"2025-06-02T07:48:10","slug":"a-la-garde-la-carte-passjeune-un-outil-incontournable-pour-les-jeunes","status":"publish","type":"post","link":"https:\/\/www.europesays.com\/fr\/145886\/","title":{"rendered":"\u00c0 La Garde, la carte Pass\u2019Jeune, un outil incontournable pour les jeunes"},"content":{"rendered":"<p>                    <img loading=\"lazy\" decoding=\"async\" src=\"https:\/\/www.europesays.com\/fr\/wp-content\/uploads\/2025\/06\/4ff616b6ac65906f65697122ef35d0.jpg\" class=\"img-responsive post-image\" width=\"680\" height=\"510\" alt=\"\u00c0 La Garde, la carte (\u2026)\" title=\"\u00c0 La Garde, la carte Pass'Jeune, un outil incontournable pour les jeunes\"\/><\/p>\n<p class=\"chapo\">Lanc\u00e9e en 2019, la carte Pass\u2019Jeune rencontre un grand succ\u00e8s aupr\u00e8s des jeunes.<\/p>\n<p>Cette carte gratuite permet aux 12-25 ans de b\u00e9n\u00e9ficier de nombreuses offres avantageuses, gr\u00e2ce \u00e0 un r\u00e9seau de plus de 40 partenaires. Ces derniers offrent des r\u00e9ductions dans des domaines vari\u00e9s (sport, loisirs, culture, mode, restauration, formation et achat de v\u00e9hicule).<\/p>\n<p>La Ville a honor\u00e9 les partenaires de ce programme. \u00c0 cette occasion, <strong>H\u00e9l\u00e8ne Arnaud-Bill<\/strong>, maire de La Garde, a soulign\u00e9 l\u2019importance de cette initiative pour les jeunes\u00a0: \u00ab\u00a0Cette action, mise en place avec les commer\u00e7ants et associations, montre qu\u2019\u00e0 La Garde, les mots altruisme, solidarit\u00e9 et citoyennet\u00e9 ne sont pas de vains mots. Ces valeurs se retrouvent au c\u0153ur de ce projet qui permet de soutenir les jeunes en favorisant la dynamique locale\u00a0\u00bb.<\/p>\n<p>La premi\u00e8re magistrate a \u00e9galement pr\u00e9cis\u00e9\u00a0: \u00ab\u00a0Toulon Provence M\u00e9diterran\u00e9e (TPM) va mettre en place une carte Pass\u2019Jeune \u00e0 l\u2019\u00e9chelle de la m\u00e9tropole. Un beau clin d\u2019\u0153il \u00e0 l\u2019initiative lanc\u00e9e par la Ville qui d\u00e9montre son esprit d\u2019innovation et sa capacit\u00e9 \u00e0 prendre une longueur d\u2019avance \u00a0\u00bb.<\/p>\n<p>AVANTAGES CONCRETS<\/p>\n<p>La carte Pass\u2019Jeune offre des avantages concrets ce qui en fait un alli\u00e9 au quotidien pour les jeunes Gard\u00e9ens. Que ce soit pour se divertir, pratiquer un sport, se cultiver, ou se restaurer, la carte permet de r\u00e9aliser des \u00e9conomies tout en soutenant les commerces et les associations locales. Les secteurs concern\u00e9s sont nombreux, ce qui garantit \u00e0 chacun de trouver une offre correspondant \u00e0 ses besoins et \u00e0 ses envies.<\/p>\n<p>\u00ab\u00a0La carte est un excellent moyen de faciliter l\u2019acc\u00e8s \u00e0 des services et des activit\u00e9s tout en profitant des avantages exclusifs r\u00e9serv\u00e9s aux jeunes de La Garde. Une initiative qui, \u00e0 n\u2019en pas douter, continuera \u00e0 renforcer les liens entre la Ville, ses commer\u00e7ants et ses jeunes habitants \u00a0\u00bb, a insist\u00e9 <strong>Alain Dumontet,<\/strong> adjoint au maire d\u00e9l\u00e9gu\u00e9 \u00e0 la jeunesse.<\/p>\n<p><strong>Comment obtenir la Carte Pass\u2019Jeune\u00a0?<\/strong><\/p>\n<p>Si tu as entre 12 et 25 ans et que tu habites \u00e0 La Garde, la carte Pass\u2019Jeune est faite pour toi\u00a0! Elle est disponible gratuitement \u00e0 la Maison de la Jeunesse, au Bureau Information Jeunesse (BIJ), situ\u00e9 au 18 all\u00e9e Toulouse Lautrec \u00e0 La Garde. Tu peux obtenir plus d\u2019informations en appelant le 04.94.21.60.64 ou en te rendant directement sur place.<\/p>\n<p>Photo de Une \u00a9PRESSE AGENCE<\/p>\n","protected":false},"excerpt":{"rendered":"Lanc\u00e9e en 2019, la carte Pass\u2019Jeune rencontre un grand succ\u00e8s aupr\u00e8s des jeunes. Cette carte gratuite permet aux&hellip;\n","protected":false},"author":2,"featured_media":145887,"comment_status":"","ping_status":"","sticky":false,"template":"","format":"standard","meta":{"footnotes":""},"categories":[9619],"tags":[1111,11,2408,1777,674,1011,27,12,882,25,2310],"class_list":{"0":"post-145886","1":"post","2":"type-post","3":"status-publish","4":"format-standard","5":"has-post-thumbnail","7":"category-toulon","8":"tag-actu","9":"tag-actualites","10":"tag-appels-d","11":"tag-eu","12":"tag-europe","13":"tag-fr","14":"tag-france","15":"tag-news","16":"tag-provence-alpes-cote-dazur","17":"tag-republique-francaise","18":"tag-toulon"},"share_on_mastodon":{"url":"https:\/\/pubeurope.com\/@fr\/114612673135602765","error":""},"_links":{"self":[{"href":"https:\/\/www.europesays.com\/fr\/wp-json\/wp\/v2\/posts\/145886","targetHints":{"allow":["GET"]}}],"collection":[{"href":"https:\/\/www.europesays.com\/fr\/wp-json\/wp\/v2\/posts"}],"about":[{"href":"https:\/\/www.europesays.com\/fr\/wp-json\/wp\/v2\/types\/post"}],"author":[{"embeddable":true,"href":"https:\/\/www.europesays.com\/fr\/wp-json\/wp\/v2\/users\/2"}],"replies":[{"embeddable":true,"href":"https:\/\/www.europesays.com\/fr\/wp-json\/wp\/v2\/comments?post=145886"}],"version-history":[{"count":0,"href":"https:\/\/www.europesays.com\/fr\/wp-json\/wp\/v2\/posts\/145886\/revisions"}],"wp:featuredmedia":[{"embeddable":true,"href":"https:\/\/www.europesays.com\/fr\/wp-json\/wp\/v2\/media\/145887"}],"wp:attachment":[{"href":"https:\/\/www.europesays.com\/fr\/wp-json\/wp\/v2\/media?parent=145886"}],"wp:term":[{"taxonomy":"category","embeddable":true,"href":"https:\/\/www.europesays.com\/fr\/wp-json\/wp\/v2\/categories?post=145886"},{"taxonomy":"post_tag","embeddable":true,"href":"https:\/\/www.europesays.com\/fr\/wp-json\/wp\/v2\/tags?post=145886"}],"curies":[{"name":"wp","href":"https:\/\/api.w.org\/{rel}","templated":true}]}}