{"id":145888,"date":"2025-06-02T07:49:08","date_gmt":"2025-06-02T07:49:08","guid":{"rendered":"https:\/\/www.europesays.com\/fr\/145888\/"},"modified":"2025-06-02T07:49:08","modified_gmt":"2025-06-02T07:49:08","slug":"toulon-fait-tomber-lubb-mais-sans-bonus","status":"publish","type":"post","link":"https:\/\/www.europesays.com\/fr\/145888\/","title":{"rendered":"Toulon fait tomber l&rsquo;UBB, mais sans bonus"},"content":{"rendered":"<p>Toulon l\u2019a emport\u00e9 face \u00e0 Bordeaux-B\u00e8gles ce dimanche soir \u00e0 Mayol (27-10) et peut encore r\u00eaver de chiper la deuxi\u00e8me place du Top 14 au tout r\u00e9cent champion d\u2019Europe. Gr\u00e2ce \u00e0 leur premier succ\u00e8s depuis un mois et demi, les Varois reviennent \u00e0 un petit point de la deuxi\u00e8me place occup\u00e9e par les Bordelo-B\u00e9glais, qui se pr\u00e9sentaient \u00e0 Mayol avec une \u00e9quipe remani\u00e9e, <a href=\"https:\/\/www.laprovence.com\/article\/france-monde\/19821786863572\/champions-cup-bordeaux-begles-mate-northampton-et-decroche-son-premier-titre\" target=\"_blank\" rel=\"noopener\">une semaine apr\u00e8s leur sacre europ\u00e9en et de longues festivit\u00e9s<\/a>. Seuls deux titulaires \u00e9taient d\u00e9j\u00e0 dans le XV de d\u00e9part la semaine derni\u00e8re, lors de la finale de la Champions Cup contre Northampton.<\/p>\n<p>La chevauch\u00e9e ph\u00e9nom\u00e9nale de Wainiqolo<\/p>\n<p>Port\u00e9 par deux essais du <a href=\"https:\/\/www.laprovence.com\/article\/sports\/42096796464055\/jo-2024-rugby-a-7-on-fait-cela-pour-inspirer-laisser-une-trace-aux-generations-futures-confie-wainiqolo\" target=\"_blank\" rel=\"noopener\">Fidjien Jiuta Wainiqolo<\/a>, dont une chevauch\u00e9e ph\u00e9nom\u00e9nale, le RCT aurait m\u00eame pu prendre la deuxi\u00e8me place directement qualificative en demi-finale en allant chercher le bonus offensif, mais l\u2019UBB a tenu bon en fin de partie. Les hommes de Yannick Bru ont leur destin en main et une victoire bonifi\u00e9e samedi prochain contre Vannes, tout proche de la rel\u00e9gation, leur garantirait un billet pour les demies alors que Toulon ira \u00e0 Bayonne, invaincu \u00e0 Jean-Dauger cette saison.<\/p>\n<p>Il faudra donc gagner, si possible avec le bonus cette fois, et esp\u00e9rer un r\u00e9sultat favorable pour aller chercher la deuxi\u00e8me place, derri\u00e8re d\u2019intouchables Toulousains.<\/p>\n","protected":false},"excerpt":{"rendered":"Toulon l\u2019a emport\u00e9 face \u00e0 Bordeaux-B\u00e8gles ce dimanche soir \u00e0 Mayol (27-10) et peut encore r\u00eaver de chiper&hellip;\n","protected":false},"author":2,"featured_media":145889,"comment_status":"","ping_status":"","sticky":false,"template":"","format":"standard","meta":{"footnotes":""},"categories":[9619],"tags":[17,1111,11,1777,674,21,1011,27,27496,4564,12,882,25,479,60,470,3030,2310],"class_list":{"0":"post-145888","1":"post","2":"type-post","3":"status-publish","4":"format-standard","5":"has-post-thumbnail","7":"category-toulon","8":"tag-17","9":"tag-actu","10":"tag-actualites","11":"tag-eu","12":"tag-europe","13":"tag-fait","14":"tag-fr","15":"tag-france","16":"tag-lubb","17":"tag-mais","18":"tag-news","19":"tag-provence-alpes-cote-dazur","20":"tag-republique-francaise","21":"tag-rugby","22":"tag-sports","23":"tag-tomber","24":"tag-top","25":"tag-toulon"},"share_on_mastodon":{"url":"https:\/\/pubeurope.com\/@fr\/114612677089714095","error":""},"_links":{"self":[{"href":"https:\/\/www.europesays.com\/fr\/wp-json\/wp\/v2\/posts\/145888","targetHints":{"allow":["GET"]}}],"collection":[{"href":"https:\/\/www.europesays.com\/fr\/wp-json\/wp\/v2\/posts"}],"about":[{"href":"https:\/\/www.europesays.com\/fr\/wp-json\/wp\/v2\/types\/post"}],"author":[{"embeddable":true,"href":"https:\/\/www.europesays.com\/fr\/wp-json\/wp\/v2\/users\/2"}],"replies":[{"embeddable":true,"href":"https:\/\/www.europesays.com\/fr\/wp-json\/wp\/v2\/comments?post=145888"}],"version-history":[{"count":0,"href":"https:\/\/www.europesays.com\/fr\/wp-json\/wp\/v2\/posts\/145888\/revisions"}],"wp:featuredmedia":[{"embeddable":true,"href":"https:\/\/www.europesays.com\/fr\/wp-json\/wp\/v2\/media\/145889"}],"wp:attachment":[{"href":"https:\/\/www.europesays.com\/fr\/wp-json\/wp\/v2\/media?parent=145888"}],"wp:term":[{"taxonomy":"category","embeddable":true,"href":"https:\/\/www.europesays.com\/fr\/wp-json\/wp\/v2\/categories?post=145888"},{"taxonomy":"post_tag","embeddable":true,"href":"https:\/\/www.europesays.com\/fr\/wp-json\/wp\/v2\/tags?post=145888"}],"curies":[{"name":"wp","href":"https:\/\/api.w.org\/{rel}","templated":true}]}}