{"id":145901,"date":"2025-06-02T07:57:11","date_gmt":"2025-06-02T07:57:11","guid":{"rendered":"https:\/\/www.europesays.com\/fr\/145901\/"},"modified":"2025-06-02T07:57:11","modified_gmt":"2025-06-02T07:57:11","slug":"un-incendie-se-declare-dans-un-immeuble-du-centre-historique","status":"publish","type":"post","link":"https:\/\/www.europesays.com\/fr\/145901\/","title":{"rendered":"un incendie se d\u00e9clare dans un immeuble du centre historique"},"content":{"rendered":"<p>            Par<br \/>\n        <strong><br \/>\n            <a href=\"https:\/\/actu.fr\/auteur\/clemence-pays02-actu-fr\" title=\"Consulter tous les articles de Cl\u00e9mence Pays\" rel=\"nofollow noopener\" target=\"_blank\">Cl\u00e9mence Pays<\/a><br \/>\n        <\/strong><\/p>\n<p>        Publi\u00e9 le<\/p>\n<p>            2 juin 2025 \u00e0 9h44        <\/p>\n<p>Dimanche 1er\u00a0juin 2025, plusieurs camions de pompiers ont gagn\u00e9 le centre historique de Rennes, sous les yeux \u00e9tonn\u00e9s de certains passants. En effet, \u00e0 13h47, les soldats du feu ont \u00e9t\u00e9 d\u00e9p\u00each\u00e9s au 19, rue de la Monnaie pour \u00ab\u2009un <strong>d\u00e9but d\u2019incendie dans un local<\/strong> en rez-de-chauss\u00e9e d\u2019un immeuble\u2009\u00bb, explique le Centre op\u00e9rationnel d\u00e9partemental d\u2019incendie et de secours (Codis).\u00a0\u00c0 cette adresse se trouve le salon d\u2019esth\u00e9tique \u00d4 bien-\u00eatre.<\/p>\n<p class=\" wall-content\">\u00ab\u2009On a entendu les pompiers et <strong>on voyait de la fum\u00e9e<\/strong> sortir du b\u00e2timent\u2009\u00bb, retrace C\u00e9line, qui se promenait dans le secteur au moment des faits.<\/p>\n<p>    <a href=\"https:\/\/www.google.com\/maps\/embed?pb=!1m18!1m12!1m3!1d409.73700769727054!2d-1.6848585542524117!3d48.11137527528027!2m3!1f0!2f0!3f0!3m2!1i1024!2i768!4f13.1!3m3!1m2!1s0x480ede326b1c61eb%3A0x329fa92012d41326!2s19%20Rue%20de%20la%20Monnaie%2C%2035000%20Rennes!5e1!3m2!1sfr!2sfr!4v1748849546470!5m2!1sfr!2sfr\" title=\"Ouvrie le lien\" rel=\"nofollow noopener\" target=\"_blank\">Cliquez ici pour visualiser le contenu<\/a><\/p>\n<p>Pas de bless\u00e9s<\/p>\n<p class=\" wall-content\">Heureusement, les sapeurs-pompiers sont venus \u00e0 bout des flammes \u00ab\u2009au moyen d\u2019une lance\u2009\u00bb, annonce le Codis. Les flammes ne se sont pas propag\u00e9es aux b\u00e2timents voisins et <strong>aucun bless\u00e9<\/strong> n\u2019est \u00e0 d\u00e9plorer.<\/p>\n<p class=\" wall-content\">Suivez toute l\u2019actualit\u00e9 de vos villes et m\u00e9dias favoris en vous inscrivant \u00e0 <a href=\"https:\/\/moncompte.actu.fr\" title=\"D\u00e9couvez Mon Actu\" rel=\"nofollow noopener\" data-trk=\"{&quot;cta&quot;:{&quot;action&quot;:&quot;https:\\\/\\\/moncompte.actu.fr&quot;,&quot;category&quot;:&quot;mon compte&quot;,&quot;from&quot;:&quot;article footer&quot;,&quot;name&quot;:&quot;Mon actu&quot;,&quot;type&quot;:&quot;cta&quot;}}\" target=\"_blank\">Mon Actu<\/a>.<\/p>\n","protected":false},"excerpt":{"rendered":"Par Cl\u00e9mence Pays Publi\u00e9 le 2 juin 2025 \u00e0 9h44 Dimanche 1er\u00a0juin 2025, plusieurs camions de pompiers ont&hellip;\n","protected":false},"author":2,"featured_media":145902,"comment_status":"","ping_status":"","sticky":false,"template":"","format":"standard","meta":{"footnotes":""},"categories":[2821],"tags":[1111,11,829,1777,674,118,1011,27,1310,12,1311,584,25],"class_list":{"0":"post-145901","1":"post","2":"type-post","3":"status-publish","4":"format-standard","5":"has-post-thumbnail","7":"category-rennes","8":"tag-actu","9":"tag-actualites","10":"tag-bretagne","11":"tag-eu","12":"tag-europe","13":"tag-faits-divers","14":"tag-fr","15":"tag-france","16":"tag-incendie","17":"tag-news","18":"tag-pompiers","19":"tag-rennes","20":"tag-republique-francaise"},"share_on_mastodon":{"url":"https:\/\/pubeurope.com\/@fr\/114612708546369696","error":""},"_links":{"self":[{"href":"https:\/\/www.europesays.com\/fr\/wp-json\/wp\/v2\/posts\/145901","targetHints":{"allow":["GET"]}}],"collection":[{"href":"https:\/\/www.europesays.com\/fr\/wp-json\/wp\/v2\/posts"}],"about":[{"href":"https:\/\/www.europesays.com\/fr\/wp-json\/wp\/v2\/types\/post"}],"author":[{"embeddable":true,"href":"https:\/\/www.europesays.com\/fr\/wp-json\/wp\/v2\/users\/2"}],"replies":[{"embeddable":true,"href":"https:\/\/www.europesays.com\/fr\/wp-json\/wp\/v2\/comments?post=145901"}],"version-history":[{"count":0,"href":"https:\/\/www.europesays.com\/fr\/wp-json\/wp\/v2\/posts\/145901\/revisions"}],"wp:featuredmedia":[{"embeddable":true,"href":"https:\/\/www.europesays.com\/fr\/wp-json\/wp\/v2\/media\/145902"}],"wp:attachment":[{"href":"https:\/\/www.europesays.com\/fr\/wp-json\/wp\/v2\/media?parent=145901"}],"wp:term":[{"taxonomy":"category","embeddable":true,"href":"https:\/\/www.europesays.com\/fr\/wp-json\/wp\/v2\/categories?post=145901"},{"taxonomy":"post_tag","embeddable":true,"href":"https:\/\/www.europesays.com\/fr\/wp-json\/wp\/v2\/tags?post=145901"}],"curies":[{"name":"wp","href":"https:\/\/api.w.org\/{rel}","templated":true}]}}