{"id":145903,"date":"2025-06-02T07:58:14","date_gmt":"2025-06-02T07:58:14","guid":{"rendered":"https:\/\/www.europesays.com\/fr\/145903\/"},"modified":"2025-06-02T07:58:14","modified_gmt":"2025-06-02T07:58:14","slug":"strasbourg-entre-concerts-et-clubbing-sur-les-pelouses-sonores-2","status":"publish","type":"post","link":"https:\/\/www.europesays.com\/fr\/145903\/","title":{"rendered":"Strasbourg. Entre concerts et clubbing sur les Pelouses sonores"},"content":{"rendered":"<p>Les Pelouses sonores, traditionnel moment fort du festival de musiques \u00e9lectroniques Contre-temps qui anime Strasbourg en juin, vont saturer les couleurs du Jardin des Deux-Rives \u00e0 Strasbourg les 7 et 8\u00a0juin. D\u00e9marrage en trombe, samedi, avec des platines survolt\u00e9es et des DJ endiabl\u00e9s qui feront danser en plein air les clubbers. Une parfaite mise en route avant les concerts du dimanche.<\/p>\n<p>Sont annonc\u00e9s\u00a0: le Midva Lofi Ensemble, combo fran\u00e7ais m\u00ealant jazz, hip-hop et sons \u00e9lectro\u00a0; les Am\u00e9ricains de Shrizz N Maze qui combineront funk et rock psychad\u00e9lique\u00a0; enfin La Nefera mixera \u00e9lectro urbaine et musiques afro-carib\u00e9ennes.<\/p>\n<p class=\"note\">Jardin des Deux-Rives, rue des Cavaliers \u00e0 Strasbourg, samedi\u00a07 et dimanche 8\u00a0juin de 15\u00a0h \u00e0 22\u00a0h. Gratuit.<\/p>\n","protected":false},"excerpt":{"rendered":"Les Pelouses sonores, traditionnel moment fort du festival de musiques \u00e9lectroniques Contre-temps qui anime Strasbourg en juin, vont&hellip;\n","protected":false},"author":2,"featured_media":145783,"comment_status":"","ping_status":"","sticky":false,"template":"","format":"standard","meta":{"footnotes":""},"categories":[2820],"tags":[1111,11,2389,1687,2880,1777,674,107,1011,27,775,873,12,25,640,2879],"class_list":{"0":"post-145903","1":"post","2":"type-post","3":"status-publish","4":"format-standard","5":"has-post-thumbnail","7":"category-strasbourg","8":"tag-actu","9":"tag-actualites","10":"tag-alsace","11":"tag-culture-loisirs","12":"tag-edition-strasbourg","13":"tag-eu","14":"tag-europe","15":"tag-fil-info","16":"tag-fr","17":"tag-france","18":"tag-grand-est","19":"tag-musique","20":"tag-news","21":"tag-republique-francaise","22":"tag-strasbourg","23":"tag-strasbourg-ville"},"share_on_mastodon":{"url":"https:\/\/pubeurope.com\/@fr\/114612712489767371","error":""},"_links":{"self":[{"href":"https:\/\/www.europesays.com\/fr\/wp-json\/wp\/v2\/posts\/145903","targetHints":{"allow":["GET"]}}],"collection":[{"href":"https:\/\/www.europesays.com\/fr\/wp-json\/wp\/v2\/posts"}],"about":[{"href":"https:\/\/www.europesays.com\/fr\/wp-json\/wp\/v2\/types\/post"}],"author":[{"embeddable":true,"href":"https:\/\/www.europesays.com\/fr\/wp-json\/wp\/v2\/users\/2"}],"replies":[{"embeddable":true,"href":"https:\/\/www.europesays.com\/fr\/wp-json\/wp\/v2\/comments?post=145903"}],"version-history":[{"count":0,"href":"https:\/\/www.europesays.com\/fr\/wp-json\/wp\/v2\/posts\/145903\/revisions"}],"wp:featuredmedia":[{"embeddable":true,"href":"https:\/\/www.europesays.com\/fr\/wp-json\/wp\/v2\/media\/145783"}],"wp:attachment":[{"href":"https:\/\/www.europesays.com\/fr\/wp-json\/wp\/v2\/media?parent=145903"}],"wp:term":[{"taxonomy":"category","embeddable":true,"href":"https:\/\/www.europesays.com\/fr\/wp-json\/wp\/v2\/categories?post=145903"},{"taxonomy":"post_tag","embeddable":true,"href":"https:\/\/www.europesays.com\/fr\/wp-json\/wp\/v2\/tags?post=145903"}],"curies":[{"name":"wp","href":"https:\/\/api.w.org\/{rel}","templated":true}]}}