{"id":145910,"date":"2025-06-02T08:02:39","date_gmt":"2025-06-02T08:02:39","guid":{"rendered":"https:\/\/www.europesays.com\/fr\/145910\/"},"modified":"2025-06-02T08:02:39","modified_gmt":"2025-06-02T08:02:39","slug":"ouest-encheres-publiques-va-proposer-une-matinee-dexpertise-gratuite-a-dinard","status":"publish","type":"post","link":"https:\/\/www.europesays.com\/fr\/145910\/","title":{"rendered":"Ouest ench\u00e8res publiques va proposer une matin\u00e9e d\u2019expertise gratuite \u00e0 Dinard"},"content":{"rendered":"<p>Ma\u00eetre Jourdan et Ma\u00eetre Klein, commissaires-priseurs et dirigeants associ\u00e9s d\u2019<a href=\"https:\/\/oep-rennes.fr\/\" target=\"_blank\" rel=\"noopener\">Ouest ench\u00e8res publiques<\/a>, seront \u00e0 Dinard (Ille-et-Vilaine), jeudi 5\u00a0juin 2025. Pendant une matin\u00e9e, de 9\u00a0h \u00e0 12\u00a0h\u00a030, au Palais des arts et du festival, ils vont proposer <strong>\u00ab\u00a0une\u00a0matin\u00e9e d\u2019expertise gratuite et confidentielle\u00a0\u00bb<\/strong>.<\/p>\n<p><strong>\u00ab\u00a0Les deux\u00a0commissaires-priseurs se tiendront \u00e0 la disposition des particuliers pour \u00e9valuer leurs biens gratuitement et en toute confidentialit\u00e9. Les visiteurs pourront ainsi faire estimer leurs possessions\u00a0: bijoux, montres et accessoires de mode<\/strong>, annonce la maison de ventes aux ench\u00e8res, qui est implant\u00e9e \u00e0 Nantes et \u00e0 Rennes depuis plusieurs ann\u00e9es. <strong>Il sera aussi possible d\u2019expertiser des objets d\u2019arts\u00a0: tableaux, sculptures, pi\u00e8ces d\u2019or, arts de la table, bouteilles de vins, jeux vid\u00e9o, jouets anciens, armes \u00e0 feu. Ouest ench\u00e8res publiques propose r\u00e9guli\u00e8rement des ventes de sp\u00e9cialit\u00e9s pour regrouper les biens par th\u00e8me.\u00a0\u00bb<\/strong><\/p>\n<p><strong>Jeudi 5\u00a0juin 2025<\/strong>, de 9\u00a0h \u00e0 12\u00a0h\u00a030, au Palais des arts et du festival de Dinard. Estimation gratuite.<\/p>\n<p>\u00a0<\/p>\n","protected":false},"excerpt":{"rendered":"Ma\u00eetre Jourdan et Ma\u00eetre Klein, commissaires-priseurs et dirigeants associ\u00e9s d\u2019Ouest ench\u00e8res publiques, seront \u00e0 Dinard (Ille-et-Vilaine), jeudi 5\u00a0juin&hellip;\n","protected":false},"author":2,"featured_media":145911,"comment_status":"","ping_status":"","sticky":false,"template":"","format":"standard","meta":{"footnotes":""},"categories":[2818],"tags":[1111,11,24351,13677,1777,674,16297,1011,27,27499,27498,766,12,9144,2636,13434,1009,3086,25],"class_list":{"0":"post-145910","1":"post","2":"type-post","3":"status-publish","4":"format-standard","5":"has-post-thumbnail","7":"category-nantes","8":"tag-actu","9":"tag-actualites","10":"tag-dinard","11":"tag-encheres","12":"tag-eu","13":"tag-europe","14":"tag-expertise","15":"tag-fr","16":"tag-france","17":"tag-gratuite","18":"tag-matinee","19":"tag-nantes","20":"tag-news","21":"tag-ouest","22":"tag-pays-de-la-loire","23":"tag-proposer","24":"tag-publiques","25":"tag-redon","26":"tag-republique-francaise"},"share_on_mastodon":{"url":"https:\/\/pubeurope.com\/@fr\/114612728199338475","error":""},"_links":{"self":[{"href":"https:\/\/www.europesays.com\/fr\/wp-json\/wp\/v2\/posts\/145910","targetHints":{"allow":["GET"]}}],"collection":[{"href":"https:\/\/www.europesays.com\/fr\/wp-json\/wp\/v2\/posts"}],"about":[{"href":"https:\/\/www.europesays.com\/fr\/wp-json\/wp\/v2\/types\/post"}],"author":[{"embeddable":true,"href":"https:\/\/www.europesays.com\/fr\/wp-json\/wp\/v2\/users\/2"}],"replies":[{"embeddable":true,"href":"https:\/\/www.europesays.com\/fr\/wp-json\/wp\/v2\/comments?post=145910"}],"version-history":[{"count":0,"href":"https:\/\/www.europesays.com\/fr\/wp-json\/wp\/v2\/posts\/145910\/revisions"}],"wp:featuredmedia":[{"embeddable":true,"href":"https:\/\/www.europesays.com\/fr\/wp-json\/wp\/v2\/media\/145911"}],"wp:attachment":[{"href":"https:\/\/www.europesays.com\/fr\/wp-json\/wp\/v2\/media?parent=145910"}],"wp:term":[{"taxonomy":"category","embeddable":true,"href":"https:\/\/www.europesays.com\/fr\/wp-json\/wp\/v2\/categories?post=145910"},{"taxonomy":"post_tag","embeddable":true,"href":"https:\/\/www.europesays.com\/fr\/wp-json\/wp\/v2\/tags?post=145910"}],"curies":[{"name":"wp","href":"https:\/\/api.w.org\/{rel}","templated":true}]}}