{"id":145929,"date":"2025-06-02T08:14:15","date_gmt":"2025-06-02T08:14:15","guid":{"rendered":"https:\/\/www.europesays.com\/fr\/145929\/"},"modified":"2025-06-02T08:14:15","modified_gmt":"2025-06-02T08:14:15","slug":"la-fete-tourne-a-lemeute-dans-le-centre-de-lyon-trois-interpellations","status":"publish","type":"post","link":"https:\/\/www.europesays.com\/fr\/145929\/","title":{"rendered":"la f\u00eate tourne \u00e0 l\u2019\u00e9meute dans le centre de Lyon, trois interpellations"},"content":{"rendered":"<p>Victoire du PSG : la f\u00eate tourne \u00e0 l\u2019\u00e9meute dans le centre de Lyon, trois interpellations<\/p>\n<p itemprop=\"description\"><strong>La nuit de samedi \u00e0 dimanche a \u00e9t\u00e9 marqu\u00e9e par des sc\u00e8nes de violences urbaines dans le centre de Lyon, en marge de la victoire du PSG en Ligue des champions.<\/strong><\/p>\n<p>Alors que le Paris Saint-Germain remportait la finale de la Ligue des champions face \u00e0l&rsquo;Inter Milan, des appels \u00e0 rassemblement circulaient sur les r\u00e9seaux sociaux pour \u00ab\u00a0profiter du monde dehors\u00a0\u00bb. <\/p>\n<p>\u00c0 Lyon, plusieurs centaines de personnes se sont ainsi r\u00e9unies dans la soir\u00e9e du samedi 31 mai, notamment place Bellecour (environ 400 personnes) et place des Terreaux (300 personnes), dans une ambiance d\u2019abord festive.<\/p>\n<p>Mais vers minuit, la situation a rapidement d\u00e9g\u00e9n\u00e9r\u00e9. Selon la pr\u00e9fecture, les forces de l\u2019ordre \u2013 qui avaient d\u00e9ploy\u00e9 un dispositif de s\u00e9curisation en Presqu\u2019\u00eele \u2013 ont constat\u00e9 les premi\u00e8res d\u00e9gradations de mobilier urbain. Des groupes d\u2019individus tr\u00e8s mobiles, par dizaines, ont alors vis\u00e9 les policiers avec des projectiles.<\/p>\n<p>Des vid\u00e9os diffus\u00e9es sur les r\u00e9seaux sociaux montrent notamment la rue de la R\u00e9publique envahie par la fum\u00e9e des gaz lacrymog\u00e8nes, et des individus s\u2019attaquant aux vitrines de plusieurs enseignes \u00e0 coups de pied ou de projectiles. Trois magasins ont \u00e9t\u00e9 d\u00e9grad\u00e9s, dont le JD Sports.<\/p>\n<p>Plus d\u2019une centaine de policiers nationaux \u00e9taient mobilis\u00e9s, dont la CRS 83. Trois personnes ont \u00e9t\u00e9 interpell\u00e9es pour vol aggrav\u00e9, feu de poubelle et outrage.<\/p>\n<p>La pr\u00e9f\u00e8te du Rh\u00f4ne a condamn\u00e9 \u00ab\u00a0fermement les violences \u00e0 l\u2019encontre des forces de l\u2019ordre et les d\u00e9gradations\u00a0\u00bb.<\/p>\n<p>Elle a \u00e9galement apport\u00e9 son soutien \u00e0 un policier gravement bless\u00e9 \u00e0 la main, pr\u00e9cisant que \u00ab\u00a0la police nationale a agi avec fermet\u00e9 et d\u00e9termination pour stopper et interpeller ces individus qui ne sont pas de vrais supporters. Ce ne sont que des d\u00e9linquants qui ont d\u00e9tourn\u00e9 la f\u00eate pour casser.\u00a0\u00bb<\/p>\n","protected":false},"excerpt":{"rendered":"Victoire du PSG : la f\u00eate tourne \u00e0 l\u2019\u00e9meute dans le centre de Lyon, trois interpellations La nuit&hellip;\n","protected":false},"author":2,"featured_media":145930,"comment_status":"","ping_status":"","sticky":false,"template":"","format":"standard","meta":{"footnotes":""},"categories":[1889],"tags":[1111,11,2813,2190,2430,1109,251,1112,2811,1777,674,118,1011,27,1922,1110,1114,2428,2810,12,241,316,25,2812,517,800],"class_list":{"0":"post-145929","1":"post","2":"type-post","3":"status-publish","4":"format-standard","5":"has-post-thumbnail","7":"category-lyon","8":"tag-actu","9":"tag-actualites","10":"tag-article","11":"tag-asvel","12":"tag-auvergne-rhone-alpes","13":"tag-breves","14":"tag-culture","15":"tag-depeches","16":"tag-economique","17":"tag-eu","18":"tag-europe","19":"tag-faits-divers","20":"tag-fr","21":"tag-france","22":"tag-info","23":"tag-informations","24":"tag-infos","25":"tag-lyon","26":"tag-lyonmag","27":"tag-news","28":"tag-ol","29":"tag-politique","30":"tag-republique-francaise","31":"tag-sociale","32":"tag-sport","33":"tag-transports"},"share_on_mastodon":{"url":"https:\/\/pubeurope.com\/@fr\/114612775389653408","error":""},"_links":{"self":[{"href":"https:\/\/www.europesays.com\/fr\/wp-json\/wp\/v2\/posts\/145929","targetHints":{"allow":["GET"]}}],"collection":[{"href":"https:\/\/www.europesays.com\/fr\/wp-json\/wp\/v2\/posts"}],"about":[{"href":"https:\/\/www.europesays.com\/fr\/wp-json\/wp\/v2\/types\/post"}],"author":[{"embeddable":true,"href":"https:\/\/www.europesays.com\/fr\/wp-json\/wp\/v2\/users\/2"}],"replies":[{"embeddable":true,"href":"https:\/\/www.europesays.com\/fr\/wp-json\/wp\/v2\/comments?post=145929"}],"version-history":[{"count":0,"href":"https:\/\/www.europesays.com\/fr\/wp-json\/wp\/v2\/posts\/145929\/revisions"}],"wp:featuredmedia":[{"embeddable":true,"href":"https:\/\/www.europesays.com\/fr\/wp-json\/wp\/v2\/media\/145930"}],"wp:attachment":[{"href":"https:\/\/www.europesays.com\/fr\/wp-json\/wp\/v2\/media?parent=145929"}],"wp:term":[{"taxonomy":"category","embeddable":true,"href":"https:\/\/www.europesays.com\/fr\/wp-json\/wp\/v2\/categories?post=145929"},{"taxonomy":"post_tag","embeddable":true,"href":"https:\/\/www.europesays.com\/fr\/wp-json\/wp\/v2\/tags?post=145929"}],"curies":[{"name":"wp","href":"https:\/\/api.w.org\/{rel}","templated":true}]}}