{"id":145935,"date":"2025-06-02T08:17:08","date_gmt":"2025-06-02T08:17:08","guid":{"rendered":"https:\/\/www.europesays.com\/fr\/145935\/"},"modified":"2025-06-02T08:17:08","modified_gmt":"2025-06-02T08:17:08","slug":"jets-de-barrieres-peripherique-bloque-nouvelles-interpellations-a-paris-en-marge-de-la-victoire-du-psg","status":"publish","type":"post","link":"https:\/\/www.europesays.com\/fr\/145935\/","title":{"rendered":"Jets de barri\u00e8res, p\u00e9riph\u00e9rique bloqu\u00e9&#8230; Nouvelles interpellations \u00e0 Paris en marge de la victoire du PSG"},"content":{"rendered":"<p>            Par<br \/>\n        <strong><br \/>\n            <a href=\"https:\/\/actu.fr\/auteur\/redaction-paris\" title=\"Consulter tous les articles de R\u00e9daction Paris\" target=\"_blank\" rel=\"noopener\">R\u00e9daction Paris<\/a><br \/>\n        <\/strong><\/p>\n<p>        Publi\u00e9 le<\/p>\n<p>            2 juin 2025 \u00e0 9h52        <\/p>\n<p>Apr\u00e8s un week-end de c\u00e9l\u00e9bration du <a href=\"https:\/\/actu.fr\/tag\/paris-saint-germain-psg\" target=\"_blank\" rel=\"noopener\">Paris Saint Germain (PSG)<\/a>, vainqueur de la <a href=\"https:\/\/actu.fr\/tag\/ligue-des-champions\" target=\"_blank\" rel=\"noopener\">Ligue des Champions<\/a> pour la premi\u00e8re fois de son histoire, l\u2019heure est au bilan. Si des d\u00e9gradations ont eu lieu <a href=\"https:\/\/actu.fr\/faits-divers\/un-ado-tue-des-pietons-fauches-un-magasin-pille-apres-la-victoire-du-psg-une-nuit-de-tension-en-france_62712887.html\" target=\"_blank\" rel=\"noopener\">le soir de la victoire<\/a>, de nouveaux incidents se sont produits dans la nuit de dimanche\u00a01er \u00e0 lundi 2\u00a0juin 2025. Invit\u00e9 de la matinale de\u00a0<a href=\"https:\/\/www.rtl.fr\/actu\/justice-faits-divers\/le-psg-champion-d-europe-323-gardes-a-vue-en-marge-des-festivites-ce-week-end-annonce-laurent-nu-ez-sur-rtl-7900511078\" target=\"_blank\" rel=\"noopener\">RTL<\/a>, le <a href=\"https:\/\/actu.fr\/tag\/prefecture-de-police-de-paris\" target=\"_blank\" rel=\"noopener\">pr\u00e9fet de Police de Paris<\/a> a fait \u00e9tat de \u00ab\u2009soixante-dix-neuf personnes\u2009\u00bb interpell\u00e9es.<\/p>\n<p>P\u00e9riph\u00e9rique bloqu\u00e9 quinze minutes<\/p>\n<p class=\" wall-content\">\u00ab\u2009Apr\u00e8s la lev\u00e9e du service, on peut dire m\u00eame dans la nuit, apr\u00e8s 01 heure du matin, on a vu des r\u00e9surgences d\u2019individus qui \u00e9taient anim\u00e9s de malveillance, qui n\u2019\u00e9taient pas vraiment des supporters du Paris Saint-Germain [\u2026] : ils ont pris des barri\u00e8res et ils ont <strong>bloqu\u00e9 le p\u00e9riph\u00e9rique<\/strong> pendant un bon quart d\u2019heure et puis on a eu aussi un retour sur les <a href=\"https:\/\/actu.fr\/tag\/champs-elysees\" target=\"_blank\" rel=\"noopener\">Champs-\u00c9lys\u00e9es<\/a> de groupes qui montaient, descendaient, tiraient des mortiers et essayaient de d\u00e9grader des commerces\u2009\u00bb, a expliqu\u00e9 <a href=\"https:\/\/actu.fr\/tag\/laurent-nunez\" target=\"_blank\" rel=\"noopener\">Laurent Nu\u00f1ez<\/a>.<\/p>\n<p class=\" wall-content\">\u00ab\u2009On a proc\u00e9d\u00e9 \u00e0 <strong>79 interpellations<\/strong> dont une partie dans la nuit [\u2026] : le calme est revenu vers 03h30 du matin\u2009\u00bb, a-t-il encore d\u00e9taill\u00e9, \u00e9voquant un nombre d\u2019interpellations \u00ab\u2009totalement in\u00e9dit\u2009\u00bb pendant le week-end.<\/p>\n<p>100\u2009000\u00a0personnes sur les Champs-\u00c9lys\u00e9es pour la parade des joueurs<\/p>\n<p class=\" wall-content\">Dans la nuit de samedi \u00e0 dimanche, il y a eu <a href=\"https:\/\/actu.fr\/ile-de-france\/paris_75056\/un-mort-des-violences-des-blesses-des-magasins-pilles-lourd-bilan-a-paris-apres-la-victoire-du-psg_62713482.html\" target=\"_blank\" rel=\"noopener\">563 interpellations<\/a> dont 491 \u00e0 Paris, qui ont conduit \u00e0 307 gardes \u00e0 vue.\u00a0Au total, plus de <strong>5\u2009000 policiers et gendarmes<\/strong> \u00e9taient mobilis\u00e9s pendant le week-end dans la capitale et en petite couronne.<\/p>\n<p class=\" wall-content\">La <a href=\"https:\/\/actu.fr\/ile-de-france\/paris_75056\/irresistible-le-psg-remporte-la-premiere-ligue-des-champions-de-son-histoire-au-terme-d-une-finale-de-reve_62712076.html\" target=\"_blank\" rel=\"noopener\">victoire historique du PSG face \u00e0 l\u2019Inter Milan<\/a> (5-0) en finale de la Ligue des Champions, samedi \u00e0 Munich, a \u00e9t\u00e9 <strong>endeuill\u00e9e en France<\/strong> par la mort d\u2019un mineur de 17\u00a0ans, tu\u00e9s \u00e0 coups de couteau \u00e0 Dax, et celle d\u2019un jeune homme d\u2019une vingtaine d\u2019ann\u00e9es \u00e0 Paris, o\u00f9 la soir\u00e9e a \u00e9t\u00e9 \u00e9maill\u00e9e de nombreux incidents.<\/p>\n<p>Vid\u00e9os : en ce moment sur Actu<\/p>\n<p class=\" wall-content\">Rentr\u00e9s en France dans l\u2019apr\u00e8s-midi, les joueurs parisiens ont d\u00e9fil\u00e9 dimanche sur les Champs-\u00c9lys\u00e9es devant plus de <strong>100\u2009000\u00a0personnes<\/strong> avant de pr\u00e9senter la Coupe d\u2019Europe \u00e0 leurs supporters au <a href=\"https:\/\/actu.fr\/tag\/parc-des-princes\" target=\"_blank\" rel=\"noopener\">Parc des Princes<\/a>.\u00a0\u00bb<\/p>\n<p class=\" wall-content\">Avec AFP.<\/p>\n<p class=\" wall-content\">Suivez toute l\u2019actualit\u00e9 de vos villes et m\u00e9dias favoris en vous inscrivant \u00e0 <a href=\"https:\/\/moncompte.actu.fr\" title=\"D\u00e9couvez Mon Actu\" rel=\"nofollow noopener\" data-trk=\"{&quot;cta&quot;:{&quot;action&quot;:&quot;https:\\\/\\\/moncompte.actu.fr&quot;,&quot;category&quot;:&quot;mon compte&quot;,&quot;from&quot;:&quot;article footer&quot;,&quot;name&quot;:&quot;Mon actu&quot;,&quot;type&quot;:&quot;cta&quot;}}\" target=\"_blank\">Mon Actu<\/a>.<\/p>\n","protected":false},"excerpt":{"rendered":"Par R\u00e9daction Paris Publi\u00e9 le 2 juin 2025 \u00e0 9h52 Apr\u00e8s un week-end de c\u00e9l\u00e9bration du Paris Saint&hellip;\n","protected":false},"author":2,"featured_media":145936,"comment_status":"","ping_status":"","sticky":false,"template":"","format":"standard","meta":{"footnotes":""},"categories":[1888],"tags":[1111,1928,11,1927,1777,674,118,1011,27,5454,12,1926,626,1925,2332,1931,25],"class_list":{"0":"post-145935","1":"post","2":"type-post","3":"status-publish","4":"format-standard","5":"has-post-thumbnail","7":"category-paris","8":"tag-actu","9":"tag-actu-paris","10":"tag-actualites","11":"tag-actualites-paris","12":"tag-eu","13":"tag-europe","14":"tag-faits-divers","15":"tag-fr","16":"tag-france","17":"tag-laurent-nunez","18":"tag-news","19":"tag-news-paris","20":"tag-paris","21":"tag-paris-news","22":"tag-paris-saint-germain-psg","23":"tag-prefecture-de-police-de-paris","24":"tag-republique-francaise"},"share_on_mastodon":{"url":"https:\/\/pubeurope.com\/@fr\/114612787233099153","error":""},"_links":{"self":[{"href":"https:\/\/www.europesays.com\/fr\/wp-json\/wp\/v2\/posts\/145935","targetHints":{"allow":["GET"]}}],"collection":[{"href":"https:\/\/www.europesays.com\/fr\/wp-json\/wp\/v2\/posts"}],"about":[{"href":"https:\/\/www.europesays.com\/fr\/wp-json\/wp\/v2\/types\/post"}],"author":[{"embeddable":true,"href":"https:\/\/www.europesays.com\/fr\/wp-json\/wp\/v2\/users\/2"}],"replies":[{"embeddable":true,"href":"https:\/\/www.europesays.com\/fr\/wp-json\/wp\/v2\/comments?post=145935"}],"version-history":[{"count":0,"href":"https:\/\/www.europesays.com\/fr\/wp-json\/wp\/v2\/posts\/145935\/revisions"}],"wp:featuredmedia":[{"embeddable":true,"href":"https:\/\/www.europesays.com\/fr\/wp-json\/wp\/v2\/media\/145936"}],"wp:attachment":[{"href":"https:\/\/www.europesays.com\/fr\/wp-json\/wp\/v2\/media?parent=145935"}],"wp:term":[{"taxonomy":"category","embeddable":true,"href":"https:\/\/www.europesays.com\/fr\/wp-json\/wp\/v2\/categories?post=145935"},{"taxonomy":"post_tag","embeddable":true,"href":"https:\/\/www.europesays.com\/fr\/wp-json\/wp\/v2\/tags?post=145935"}],"curies":[{"name":"wp","href":"https:\/\/api.w.org\/{rel}","templated":true}]}}