{"id":145947,"date":"2025-06-02T08:23:10","date_gmt":"2025-06-02T08:23:10","guid":{"rendered":"https:\/\/www.europesays.com\/fr\/145947\/"},"modified":"2025-06-02T08:23:10","modified_gmt":"2025-06-02T08:23:10","slug":"suisse-le-pib-revu-a-la-hausse-a-08-au-1t-sur-fond-de-bond-des-exportations-vers-les-usa-02-06-2025-a-1005","status":"publish","type":"post","link":"https:\/\/www.europesays.com\/fr\/145947\/","title":{"rendered":"Suisse: le PIB revu \u00e0 la hausse \u00e0 0,8% au 1T, sur fond de bond des exportations vers les USA &#8211; 02\/06\/2025 \u00e0 10:05"},"content":{"rendered":"<p>        <img fetchpriority=\"high\" decoding=\"async\" src=\"https:\/\/www.europesays.com\/fr\/wp-content\/uploads\/2025\/06\/63c0302d2451c53d0f7ae9082797d0e3-760x507.jpg\" alt=\"( AFP \/ FABRICE COFFRINI )\" loading=\"eager\" width=\"760\" height=\"507\" style=\"max-width: 100%!important; height: auto;\"\/><\/p>\n<p class=\"c-image-news__legend\">( AFP \/ FABRICE COFFRINI )<\/p>\n<p>\n L&rsquo;\u00e9conomie suisse a enregistr\u00e9 une croissance un peu plus forte qu&rsquo;initialement annonc\u00e9e au premier trimestre, \u00e0 0,8%, sur fond de bond des exportations de marchandises vers les Etats-Unis, a annonc\u00e9 lundi le minist\u00e8re de l&rsquo;Economie.\n<\/p>\n<p>\n Au premier trimestre, les exportations de marchandises ont grimp\u00e9 de 5%, augmentant fortement vers les Etats-Unis, \u00ab\u00a0ce qui sugg\u00e8re des effets d&rsquo;anticipation possibles en lien avec la politique commerciale am\u00e9ricaine\u00a0\u00bb, a indiqu\u00e9 le minist\u00e8re de l&rsquo;Economie dans un communiqu\u00e9.\n<\/p>\n<p>\n La croissance a \u00e9t\u00e9 port\u00e9e en particulier par le secteur de la chimie et de la pharmacie, le premier secteur d&rsquo;exportation du pays alpin, a pr\u00e9cis\u00e9 le minist\u00e8re.\n<\/p>\n<p>\n Mi-mai, le minist\u00e8re de l&rsquo;Economie avait d\u00e9j\u00e0 publi\u00e9 une premi\u00e8re estimation, \u00e9valuant alors la croissance \u00e0 0,7%. Mais il l&rsquo;a relev\u00e9e lundi, le produit int\u00e9rieur brut (PIB) de la Suisse affichant une croissance corrig\u00e9e des \u00e9v\u00e9nements sportifs de 0,8% par rapport au trimestre pr\u00e9c\u00e9dent. Il a \u00e9galement relev\u00e9 sa pr\u00e9c\u00e9dente \u00e9valuation pour le quatri\u00e8me trimestre 2024, la remontant \u00e0 0,6%, contre 0,5% auparavant.\n<\/p>\n<p>\n La croissance durant le premier trimestre a \u00e9galement \u00e9t\u00e9 port\u00e9e par les services, notamment par le commerce (+2%), les domaines de la sant\u00e9 et du social (+1,1%), l&rsquo;administration publique (+0,2%) et les services aux entreprises (+0,4%). Les services financiers ont eux aussi progress\u00e9 pour le deuxi\u00e8me trimestre d&rsquo;affil\u00e9e, avec une croissance de 0,5% durant les trois premiers mois de 2025, a d\u00e9taill\u00e9 le minist\u00e8re.\n<\/p>\n<p>\n En revanche, le secteur de l&rsquo;h\u00f4tellerie et de la restauration, qui avait enregistr\u00e9 une forte croissance au quatri\u00e8me trimestre gr\u00e2ce au tourisme, a enregistr\u00e9 un recul de 1,7% par rapport au trimestre pr\u00e9c\u00e9dent, \u00ab\u00a0en raison notamment de la baisse des nuit\u00e9es h\u00f4teli\u00e8res des h\u00f4tes indig\u00e8nes\u00a0\u00bb, a expliqu\u00e9 le minist\u00e8re dans le communiqu\u00e9.\n<\/p>\n<p>\n Les pans de l&rsquo;industrie sensibles \u00e0 la conjoncture ont \u00e9galement poursuivi leur ralentissement.<\/p>\n","protected":false},"excerpt":{"rendered":"( AFP \/ FABRICE COFFRINI ) L&rsquo;\u00e9conomie suisse a enregistr\u00e9 une croissance un peu plus forte qu&rsquo;initialement annonc\u00e9e&hellip;\n","protected":false},"author":2,"featured_media":145948,"comment_status":"","ping_status":"","sticky":false,"template":"","format":"standard","meta":{"footnotes":""},"categories":[1589],"tags":[400,11,398,408,405,73,1866,403,402,399,404,12,401,406,1864,1865,1863,308,407],"class_list":{"0":"post-145947","1":"post","2":"type-post","3":"status-publish","4":"format-standard","5":"has-post-thumbnail","7":"category-etats-unis","8":"tag-action-cac-40","9":"tag-actualites","10":"tag-bourse-de-paris","11":"tag-boursorama","12":"tag-cotations","13":"tag-etats-unis","14":"tag-etats-unis-damerique","15":"tag-indices-devises","16":"tag-investir","17":"tag-investissement","18":"tag-marche-boursier","19":"tag-news","20":"tag-sicav","21":"tag-trackers","22":"tag-united-states","23":"tag-united-states-of-america","24":"tag-us","25":"tag-usa","26":"tag-warrants"},"share_on_mastodon":{"url":"https:\/\/pubeurope.com\/@fr\/114612810832075218","error":""},"_links":{"self":[{"href":"https:\/\/www.europesays.com\/fr\/wp-json\/wp\/v2\/posts\/145947","targetHints":{"allow":["GET"]}}],"collection":[{"href":"https:\/\/www.europesays.com\/fr\/wp-json\/wp\/v2\/posts"}],"about":[{"href":"https:\/\/www.europesays.com\/fr\/wp-json\/wp\/v2\/types\/post"}],"author":[{"embeddable":true,"href":"https:\/\/www.europesays.com\/fr\/wp-json\/wp\/v2\/users\/2"}],"replies":[{"embeddable":true,"href":"https:\/\/www.europesays.com\/fr\/wp-json\/wp\/v2\/comments?post=145947"}],"version-history":[{"count":0,"href":"https:\/\/www.europesays.com\/fr\/wp-json\/wp\/v2\/posts\/145947\/revisions"}],"wp:featuredmedia":[{"embeddable":true,"href":"https:\/\/www.europesays.com\/fr\/wp-json\/wp\/v2\/media\/145948"}],"wp:attachment":[{"href":"https:\/\/www.europesays.com\/fr\/wp-json\/wp\/v2\/media?parent=145947"}],"wp:term":[{"taxonomy":"category","embeddable":true,"href":"https:\/\/www.europesays.com\/fr\/wp-json\/wp\/v2\/categories?post=145947"},{"taxonomy":"post_tag","embeddable":true,"href":"https:\/\/www.europesays.com\/fr\/wp-json\/wp\/v2\/tags?post=145947"}],"curies":[{"name":"wp","href":"https:\/\/api.w.org\/{rel}","templated":true}]}}