{"id":145951,"date":"2025-06-02T08:25:17","date_gmt":"2025-06-02T08:25:17","guid":{"rendered":"https:\/\/www.europesays.com\/fr\/145951\/"},"modified":"2025-06-02T08:25:17","modified_gmt":"2025-06-02T08:25:17","slug":"haro-sur-les-controles-renforces-a-la-frontiere-avec-lallemagne-je-peux-rester-une-heure-sans-avancer","status":"publish","type":"post","link":"https:\/\/www.europesays.com\/fr\/145951\/","title":{"rendered":"Haro sur les contr\u00f4les renforc\u00e9s \u00e0 la fronti\u00e8re avec l\u2019Allemagne\u00a0: \u00ab\u00a0Je peux rester une heure sans avancer\u00a0\u00bb"},"content":{"rendered":"<p class=\"paragraph text_align_left\">\u00ab Nous demandons la mise en place d\u2019une voie sp\u00e9cifique pour les travailleurs transfrontaliers aux points de passage quand cela est possible. \u00bb Apr\u00e8s<a href=\"https:\/\/www.leparisien.fr\/bas-rhin-67\/les-maires-de-strasbourg-et-kehl-selevent-contre-le-renforcement-des-controles-a-la-frontiere-franco-allemande-08-05-2025-IAUY6QWTDVDVXBNM5E6GX66254.php\" target=\"_blank\" rel=\"noreferrer noopener\"> la col\u00e8re des maires de Kehl (Allemagne) et de Strasbourg (Bas-Rhin)<\/a>, c\u2019est au tour de six d\u00e9put\u00e9s allemands et fran\u00e7ais de s\u2019emparer du sujet des retours des contr\u00f4les aux fronti\u00e8res franco-germaniques depuis le d\u00e9but du mois mai.<\/p>\n<p class=\"paragraph text_align_left\">Dans un courrier adress\u00e9 aux ministres fran\u00e7ais et allemand de l\u2019Int\u00e9rieur le 26 mai, les six \u00e9lus plaident pour la mise en \u0153uvre d\u2019une voie de circulation r\u00e9serv\u00e9e aux travailleurs frontaliers afin de fluidifier le trafic lors du franchissement de la fronti\u00e8re. Des contr\u00f4les qui ont \u00e9t\u00e9 r\u00e9tablis de fa\u00e7on tr\u00e8s stricte par <a href=\"https:\/\/www.leparisien.fr\/international\/allemagne\/immigration-illegale-extreme-droite-friedrich-merz-un-nouveau-chancelier-allemand-et-deja-de-lourds-defis-06-05-2025-ESCRSJSBS5E5HMBXI3PIJPVXS4.php\" target=\"_blank\" rel=\"noreferrer noopener\">Friedrich Merz, le nouveau chancelier allemand,<\/a> d\u00e8s sa prise de fonction le 7 mai afin de lutter contre l\u2019immigration ill\u00e9gale.<\/p>\n","protected":false},"excerpt":{"rendered":"\u00ab Nous demandons la mise en place d\u2019une voie sp\u00e9cifique pour les travailleurs transfrontaliers aux points de passage&hellip;\n","protected":false},"author":2,"featured_media":145952,"comment_status":"","ping_status":"","sticky":false,"template":"","format":"standard","meta":{"footnotes":""},"categories":[1587],"tags":[11,672,19468,1804,1805,459,1803,1777,674,1801,14,12,1802],"class_list":{"0":"post-145951","1":"post","2":"type-post","3":"status-publish","4":"format-standard","5":"has-post-thumbnail","7":"category-allemagne","8":"tag-actualites","9":"tag-allemagne","10":"tag-bas-rhin-67","11":"tag-bundesrepublik-deutschland","12":"tag-de","13":"tag-departements-horsidfo","14":"tag-deutschland","15":"tag-eu","16":"tag-europe","17":"tag-germany","18":"tag-international","19":"tag-news","20":"tag-republique-federale-dallemagne"},"share_on_mastodon":{"url":"https:\/\/pubeurope.com\/@fr\/114612818642054008","error":""},"_links":{"self":[{"href":"https:\/\/www.europesays.com\/fr\/wp-json\/wp\/v2\/posts\/145951","targetHints":{"allow":["GET"]}}],"collection":[{"href":"https:\/\/www.europesays.com\/fr\/wp-json\/wp\/v2\/posts"}],"about":[{"href":"https:\/\/www.europesays.com\/fr\/wp-json\/wp\/v2\/types\/post"}],"author":[{"embeddable":true,"href":"https:\/\/www.europesays.com\/fr\/wp-json\/wp\/v2\/users\/2"}],"replies":[{"embeddable":true,"href":"https:\/\/www.europesays.com\/fr\/wp-json\/wp\/v2\/comments?post=145951"}],"version-history":[{"count":0,"href":"https:\/\/www.europesays.com\/fr\/wp-json\/wp\/v2\/posts\/145951\/revisions"}],"wp:featuredmedia":[{"embeddable":true,"href":"https:\/\/www.europesays.com\/fr\/wp-json\/wp\/v2\/media\/145952"}],"wp:attachment":[{"href":"https:\/\/www.europesays.com\/fr\/wp-json\/wp\/v2\/media?parent=145951"}],"wp:term":[{"taxonomy":"category","embeddable":true,"href":"https:\/\/www.europesays.com\/fr\/wp-json\/wp\/v2\/categories?post=145951"},{"taxonomy":"post_tag","embeddable":true,"href":"https:\/\/www.europesays.com\/fr\/wp-json\/wp\/v2\/tags?post=145951"}],"curies":[{"name":"wp","href":"https:\/\/api.w.org\/{rel}","templated":true}]}}