{"id":145961,"date":"2025-06-02T08:30:08","date_gmt":"2025-06-02T08:30:08","guid":{"rendered":"https:\/\/www.europesays.com\/fr\/145961\/"},"modified":"2025-06-02T08:30:08","modified_gmt":"2025-06-02T08:30:08","slug":"chez-stellantis-filosa-debute-une-tournee-mondiale-decoute-par-la-france-puis-litalie","status":"publish","type":"post","link":"https:\/\/www.europesays.com\/fr\/145961\/","title":{"rendered":"Chez Stellantis, Filosa d\u00e9bute une tourn\u00e9e mondiale d&rsquo;\u00e9coute par la France puis l&rsquo;Italie"},"content":{"rendered":"<p>\nQuelques heures apr\u00e8s sa nomination officielle, Antonio Filosa est d\u00e9j\u00e0 en rupture de style par rapport \u00e0 son pr\u00e9d\u00e9cesseur Carlos Tavares. Loin des grandes conf\u00e9rences en Teams d\u00e9di\u00e9es aux analystes financiers o\u00f9 les petites phrases \u00e9taient reprises au niveau mondial, on le retrouve, en effet, d\u00e8s le lendemain sur le terrain \u00e0 Poissy puis sur le site historique de Peugeot \u00e0 Sochaux.<\/p>\n<p>Une tourn\u00e9e mondiale d&rsquo;\u00e9coute qui d\u00e9bute par la France et l&rsquo;Italie<\/p>\n<p>\nUne simplicit\u00e9 tout en contraste avec le pass\u00e9&#8230; Cette premi\u00e8re visite au pas de charge en France est symbolique aussi et place l&rsquo;\u00e9quilibre de la nouvelle gouvernance du groupe franco-italo-am\u00e9ricain. Ce qui permet au passage de stopper les premiers commentaires qui affirmaient d\u00e9j\u00e0 que Stellantis penchait d\u00e9sormais vers l&rsquo;Italie. La strat\u00e9gie de Stellantis est claire : connecter son nouveau patron \u00e0 l&rsquo;entreprise et ne pas l&rsquo;enfermer dans un bureau dor\u00e9 loin de la production et des r\u00e9seaux.<\/p>\n<p>\n<img decoding=\"async\" alt=\"Filosa et Imparato usine Italie \" src=\"data:image\/gif;base64,R0lGODdhAQABAPAAAMPDwwAAACwAAAAAAQABAAACAkQBADs=\" data-original=\"https:\/\/www.auto-infos.fr\/mediatheque\/9\/5\/1\/000294159_illustration_large.png\"\/><\/p>\n<p>\nUn autre signal dans cette rupture avec le style Tavares, c&rsquo;est la constitution d&rsquo;une \u00e9quipe resserr\u00e9e autour du nouveau directeur g\u00e9n\u00e9ral de Stellantis. En Europe, le directeur de la zone Jean-Philippe Imparato l&rsquo;accompagne tandis que le pr\u00e9sident de Stellantis John Elkann n&rsquo;est jamais loin non plus. Dans les prochaines semaines, on peut d&rsquo;ailleurs parier sur la formation d&rsquo;un duo Elkann \/ Filosa. Tandis qu&rsquo;une \u00e9quipe resserr\u00e9e semble se constituer autour du nouveau CEO de Stellantis. Le style Tavares : seul et p\u00e9remptoire dans ses d\u00e9cisions, c&rsquo;est bien fini, semble-t-il.<\/p>\n<p>\n\u00ab\u00a0Au cours des derniers jours, j\u2019ai eu le privil\u00e8ge de me joindre \u00e0 <a href=\"https:\/\/www.linkedin.com\/in\/antoniofilosa\/\" id=\"ember559\" target=\"_blank\" rel=\"noopener\">A<\/a>ntonio Filosa,\u00a0\u00a0alors qu\u2019il lan\u00e7ait sa tourn\u00e9e mondiale d\u2019\u00e9coute\u00a0\u00bb, commente <strong>Jean-Philippe Imparato<\/strong> sur son compte Linjedin. \u00ab\u00a0Nous avons commenc\u00e9 en France, o\u00f9 nous avons rendu visite \u00e0 nos \u00e9quipes sur le nouveau Campus Vert de Poissy et sur le site historique de Sochaux, berceau de la marque Peugeot.\u00a0Ces visites \u00e9taient plus que symboliques ; elles nous ont rappel\u00e9 avec force nos racines profondes, notre volont\u00e9 d\u2019innover et les personnes incroyables qui fa\u00e7onnent nos activit\u00e9s chaque jour\u00a0\u00bb. Et d&rsquo;ajouter : \u00ab\u00a0Ces premiers jours n\u2019ont fait que renforcer ma confiance dans le fait qu\u2019ensemble, nous sommes pr\u00eats \u00e0 \u00e9crire le prochain chapitre audacieux de Stellantis.\u00a0Cette tourn\u00e9e est loin d\u2019\u00eatre termin\u00e9e &#8211; elle se poursuivra au cours des mois \u00e0 venir, avec d\u2019autres occasions d\u2019\u00e9couter, d\u2019apprendre et de se connecter avec nos \u00e9quipes\u00a0\u00bb.<\/p>\n<p>Constitution d&rsquo;un duo avec Elkann<\/p>\n<p>\nApr\u00e8s la France, le nouveau CEO s&rsquo;est rendu \u00e0 Turin pour visiter\u00a0le complexe industriel de Mirafiori. L&rsquo;occasion de croiser \u00e9galement le pr\u00e9sident de Stellantis John Elkann au Style Center de Turin.<\/p>\n<p>\n\u00ab\u00a0Lors de ma visite au complexe de Mirafiori\u00a0\u00bb, \u00a0commente Antonio Filosa, qui prendra le r\u00f4le de PDG de Stellantis \u00e0 partir du 23 juin, j\u2019ai \u00e9t\u00e9 impressionn\u00e9, mais pas surpris, par le niveau d\u2019int\u00e9gration et de collaboration totale qui existe entre les \u00e9quipes. Je ne doute pas que, \u00e0 partir de l\u2019enthousiasme et du professionnalisme que j\u2019ai per\u00e7us lorsque j\u2019ai rencontr\u00e9 mes coll\u00e8gues aujourd\u2019hui dans les diff\u00e9rents sites de production de Mirafiori, ainsi qu\u2019hier en France, nous avons toutes les chances d\u2019ouvrir un nouveau chapitre dans l\u2019histoire de notre entreprise \u00bb.<\/p>\n<p>\n<img decoding=\"async\" alt=\"Filosa et Elkann \" src=\"data:image\/gif;base64,R0lGODdhAQABAPAAAMPDwwAAACwAAAAAAQABAAACAkQBADs=\" data-original=\"https:\/\/www.auto-infos.fr\/mediatheque\/1\/6\/1\/000294161_illustration_large.png\"\/><\/p>\n","protected":false},"excerpt":{"rendered":"Quelques heures apr\u00e8s sa nomination officielle, Antonio Filosa est d\u00e9j\u00e0 en rupture de style par rapport \u00e0 son&hellip;\n","protected":false},"author":2,"featured_media":145962,"comment_status":"","ping_status":"","sticky":false,"template":"","format":"standard","meta":{"footnotes":""},"categories":[4],"tags":[11,27501,1979,1011,27,27503,18291,12,27504,27502,25,2099,27505,2106],"class_list":{"0":"post-145961","1":"post","2":"type-post","3":"status-publish","4":"format-standard","5":"has-post-thumbnail","7":"category-france","8":"tag-actualites","9":"tag-antonio-filosa","10":"tag-constructeurs","11":"tag-fr","12":"tag-france","13":"tag-jean-philippe-imparato","14":"tag-john-elkann","15":"tag-news","16":"tag-nomination-directeur-general","17":"tag-nouveau-ceo-stellantis","18":"tag-republique-francaise","19":"tag-stellantis","20":"tag-succession-tavares","21":"tag-vie-des-marques"},"share_on_mastodon":{"url":"https:\/\/pubeurope.com\/@fr\/114612838539481532","error":""},"_links":{"self":[{"href":"https:\/\/www.europesays.com\/fr\/wp-json\/wp\/v2\/posts\/145961","targetHints":{"allow":["GET"]}}],"collection":[{"href":"https:\/\/www.europesays.com\/fr\/wp-json\/wp\/v2\/posts"}],"about":[{"href":"https:\/\/www.europesays.com\/fr\/wp-json\/wp\/v2\/types\/post"}],"author":[{"embeddable":true,"href":"https:\/\/www.europesays.com\/fr\/wp-json\/wp\/v2\/users\/2"}],"replies":[{"embeddable":true,"href":"https:\/\/www.europesays.com\/fr\/wp-json\/wp\/v2\/comments?post=145961"}],"version-history":[{"count":0,"href":"https:\/\/www.europesays.com\/fr\/wp-json\/wp\/v2\/posts\/145961\/revisions"}],"wp:featuredmedia":[{"embeddable":true,"href":"https:\/\/www.europesays.com\/fr\/wp-json\/wp\/v2\/media\/145962"}],"wp:attachment":[{"href":"https:\/\/www.europesays.com\/fr\/wp-json\/wp\/v2\/media?parent=145961"}],"wp:term":[{"taxonomy":"category","embeddable":true,"href":"https:\/\/www.europesays.com\/fr\/wp-json\/wp\/v2\/categories?post=145961"},{"taxonomy":"post_tag","embeddable":true,"href":"https:\/\/www.europesays.com\/fr\/wp-json\/wp\/v2\/tags?post=145961"}],"curies":[{"name":"wp","href":"https:\/\/api.w.org\/{rel}","templated":true}]}}