{"id":145964,"date":"2025-06-02T08:33:25","date_gmt":"2025-06-02T08:33:25","guid":{"rendered":"https:\/\/www.europesays.com\/fr\/145964\/"},"modified":"2025-06-02T08:33:25","modified_gmt":"2025-06-02T08:33:25","slug":"courtise-nelson-epee-a-tranche-pour-son-avenir","status":"publish","type":"post","link":"https:\/\/www.europesays.com\/fr\/145964\/","title":{"rendered":"Courtis\u00e9, Nelson \u00c9p\u00e9e a tranch\u00e9 pour son avenir"},"content":{"rendered":"<p style=\"text-align: justify;\"><strong>TRANSFERTS \u2013 Selon le Midi Olympique, Nelson \u00c9p\u00e9e (24 ans) va prolonger son contrat de deux ans avec le Stade Toulousain.<\/strong><\/p>\n<p style=\"text-align: justify;\">En qu\u00eate d\u2019un nouveau titre de champion de France, le <strong>Stade<\/strong> <strong>Toulousain<\/strong> a bien avanc\u00e9 sur la construction de son effectif pour la saison prochaine. Avec <a href=\"https:\/\/dicodusport.fr\/blog\/transferts-le-stade-toulousain-annonce-10-prolongations\/\" rel=\"nofollow noopener\" target=\"_blank\">dix prolongations annonc\u00e9es r\u00e9cemment<\/a> et deux recrues de premier plan, <strong>Teddy<\/strong> <strong>Thomas<\/strong> et <strong>George-Henri Colombe<\/strong>, <strong>Ugo Mola <\/strong>disposera encore d\u2019un effectif pour jouer les premiers r\u00f4les.<\/p>\n<p>Nelson \u00c9p\u00e9e vers une prolongation au Stade Toulousain<\/p>\n<p style=\"text-align: justify;\">Quelques cas \u00e9taient encore en suspens, et notamment celui du sp\u00e9cialiste de rugby \u00e0 7, <strong>Nelson<\/strong> <strong>\u00c9p\u00e9e<\/strong>. L\u2019ailier de 24 ans est en fin de contrat cet \u00e9t\u00e9 et a \u00e9t\u00e9 convoit\u00e9 par plusieurs clubs de l\u2019Hexagone. Le <strong>SU Agen<\/strong> s\u2019est notamment montr\u00e9 offensif sur ce dossier, mais c\u2019est bien au Stade Toulousain qu\u2019il devrait encore \u00e9voluer dans quelques mois.<\/p>\n<p style=\"text-align: justify;\">Une prolongation de deux ans est en passe d\u2019\u00eatre sign\u00e9e, alors que <strong>Nelson<\/strong> <strong>\u00c9p\u00e9e<\/strong> restera \u00e0 disposition de l\u2019\u00e9quipe de France de Rugby \u00e0 7 avec les JO de Los Angeles en ligne de mire. Bien qu\u2019il n\u2019ait jou\u00e9 que neuf matchs de <strong>Top<\/strong> <strong>14<\/strong> cette saison, il devrait encore \u00eatre utilis\u00e9 par le <strong>Stade Toulousain<\/strong> sur les p\u00e9riodes de doublon. Alors qu\u2019il sera li\u00e9 aux champions de France jusqu\u2019en 2027, il pourrait ensuite pleinement se consacrer au rugby \u00e0 7.<\/p>\n<p>\u00c0 ce sujet<br \/>\n<a href=\"https:\/\/dicodusport.fr\/blog\/transferts-stade-toulousain-2025-arrivees-departs-et-prolongations\/\" class=\"vlp-link\" title=\"Transferts Stade Toulousain 2025 : Recrues, d\u00e9parts et prolongations\" rel=\"nofollow noopener\" target=\"_blank\"><img loading=\"lazy\" decoding=\"async\" style=\"max-width: 792px;\" width=\"792\" height=\"445\" class=\"attachment-800x445 size-800x445 perfmatters-lazy\" alt=\"\" src=\"https:\/\/www.europesays.com\/fr\/wp-content\/uploads\/2025\/06\/Transferts-La-Rochelle-Teddy-Thomas-signe-finalement-avec-un-cador-du-Top-14.png\"  data-\/><\/p>\n<p>Transferts Stade Toulousain 2025 : Recrues, d\u00e9parts et prolongations<\/p>\n<p>Arriv\u00e9es, d\u00e9parts et prolongations au Stade Toulousain<\/p>\n<p>Lire l&rsquo;article<\/p>\n<p>dicodusport.fr<\/p>\n","protected":false},"excerpt":{"rendered":"TRANSFERTS \u2013 Selon le Midi Olympique, Nelson \u00c9p\u00e9e (24 ans) va prolonger son contrat de deux ans avec&hellip;\n","protected":false},"author":2,"featured_media":145965,"comment_status":"","ping_status":"","sticky":false,"template":"","format":"standard","meta":{"footnotes":""},"categories":[1416],"tags":[2113,1011,27,27506,479,1468,60,476,478,477],"class_list":{"0":"post-145964","1":"post","2":"type-post","3":"status-publish","4":"format-standard","5":"has-post-thumbnail","7":"category-rugby","8":"tag-breve","9":"tag-fr","10":"tag-france","11":"tag-nelson-epee","12":"tag-rugby","13":"tag-rugby-football","14":"tag-sports","15":"tag-stade-toulousain","16":"tag-top-14","17":"tag-transferts-rugby"},"share_on_mastodon":{"url":"https:\/\/pubeurope.com\/@fr\/114612850415714047","error":""},"_links":{"self":[{"href":"https:\/\/www.europesays.com\/fr\/wp-json\/wp\/v2\/posts\/145964","targetHints":{"allow":["GET"]}}],"collection":[{"href":"https:\/\/www.europesays.com\/fr\/wp-json\/wp\/v2\/posts"}],"about":[{"href":"https:\/\/www.europesays.com\/fr\/wp-json\/wp\/v2\/types\/post"}],"author":[{"embeddable":true,"href":"https:\/\/www.europesays.com\/fr\/wp-json\/wp\/v2\/users\/2"}],"replies":[{"embeddable":true,"href":"https:\/\/www.europesays.com\/fr\/wp-json\/wp\/v2\/comments?post=145964"}],"version-history":[{"count":0,"href":"https:\/\/www.europesays.com\/fr\/wp-json\/wp\/v2\/posts\/145964\/revisions"}],"wp:featuredmedia":[{"embeddable":true,"href":"https:\/\/www.europesays.com\/fr\/wp-json\/wp\/v2\/media\/145965"}],"wp:attachment":[{"href":"https:\/\/www.europesays.com\/fr\/wp-json\/wp\/v2\/media?parent=145964"}],"wp:term":[{"taxonomy":"category","embeddable":true,"href":"https:\/\/www.europesays.com\/fr\/wp-json\/wp\/v2\/categories?post=145964"},{"taxonomy":"post_tag","embeddable":true,"href":"https:\/\/www.europesays.com\/fr\/wp-json\/wp\/v2\/tags?post=145964"}],"curies":[{"name":"wp","href":"https:\/\/api.w.org\/{rel}","templated":true}]}}