{"id":145968,"date":"2025-06-02T08:36:14","date_gmt":"2025-06-02T08:36:14","guid":{"rendered":"https:\/\/www.europesays.com\/fr\/145968\/"},"modified":"2025-06-02T08:36:14","modified_gmt":"2025-06-02T08:36:14","slug":"miller-agreablement-surpris-par-les-pas-de-geants-de-yamaha","status":"publish","type":"post","link":"https:\/\/www.europesays.com\/fr\/145968\/","title":{"rendered":"Miller \u00ab\u00a0agr\u00e9ablement surpris\u00a0\u00bb par les \u00ab\u00a0pas de g\u00e9ants\u00a0\u00bb de Yamaha"},"content":{"rendered":"<p>Apr\u00e8s plusieurs saisons difficiles, Yamaha rel\u00e8ve la t\u00eate de mani\u00e8re spectaculaire depuis quelques courses. <a href=\"https:\/\/fr.motorsport.com\/driver\/fabio-quartararo\/109400\/\" target=\"_blank\" rel=\"noopener\">Fabio Quartararo<\/a> a d\u00e9croch\u00e9 les trois derni\u00e8res poles et dominait le Grand Prix de Grande-Bretagne avant de devoir abandonner en raison d&rsquo;un probl\u00e8me m\u00e9canique.<\/p>\n<p>Pour l&rsquo;aider dans sa progression, le constructeur a retrouv\u00e9 un team satellite cette ann\u00e9e, Pramac, avec qui <a href=\"https:\/\/fr.motorsport.com\/driver\/jack-miller\/96423\/\" target=\"_blank\" rel=\"noopener\">Jack Miller<\/a> sent la moto \u00e9voluer positivement. Vite <a href=\"https:\/\/fr.motorsport.com\/motogp\/news\/miller-avant-phenomenalement-fantastique-yamaha\/10695158\/\" target=\"_blank\" rel=\"noopener\">conquis par le comportement de la M1 sur l&rsquo;avant<\/a>, l&rsquo;Australien voit la moto s&rsquo;am\u00e9liorer \u00e0 un rythme sup\u00e9rieur \u00e0 ses attentes.<\/p>\n<p>\u00ab\u00a0Je pense que oui, mais en tant que pilote on en veut toujours plus\u00a0\u00bb, a comment\u00e9 Miller. \u00ab\u00a0Ce n&rsquo;est jamais assez\u00a0! On est agr\u00e9ablement surpris, mais on reste au travail, on fait tout pour am\u00e9liorer les choses.\u00a0\u00bb<\/p>\n<p>\u00ab\u00a0On a avanc\u00e9 \u00e0 pas de g\u00e9ants et les progr\u00e8s ne seront toujours pas aussi rapides. J&rsquo;y crois. Comme je l&rsquo;ai dit, tous les \u00e9l\u00e9ments sont bons sur la moto, et lentement mais s\u00fbrement, nous les am\u00e9liorons point par point.\u00a0\u00bb<\/p>\n<p>Les progr\u00e8s sont tels que la victoire \u00e9tait \u00ab\u00a0<a href=\"https:\/\/fr.motorsport.com\/motogp\/news\/miller-pas-pu-suivre-quartararo-forcer-moto\/10727262\/\" target=\"_blank\" rel=\"noopener\">dans la poche\u00a0\u00bb<\/a><a href=\"https:\/\/fr.motorsport.com\/motogp\/news\/miller-pas-pu-suivre-quartararo-forcer-moto\/10727262\/\" target=\"_blank\" rel=\"noopener\"> pour Fabio Quartararo \u00e0 Silverstone<\/a> selon Jack Miller, gr\u00e2ce \u00e0 un d\u00e9veloppement bien plus soutenu que par le pass\u00e9. Au Mans, les pilotes disposaient d&rsquo;un nouveau moteur, l\u00e9g\u00e8rement plus puissant, et \u00e0 Silverstone, c&rsquo;est le ch\u00e2ssis qui a \u00e9volu\u00e9, favorablement selon Miller.<\/p>\n<p>\u00ab\u00a0[Il est meilleur pour le] turning, c&rsquo;est un peu plus agile. Je sens que c&rsquo;est plus l\u00e9ger, mais habituellement \u00e7a vient d&rsquo;une sensation d&rsquo;un peu plus d&rsquo;agilit\u00e9. Comme je l&rsquo;ai dit, il para\u00eet plus l\u00e9ger, plus facile \u00e0 mener dans le virage. L&rsquo;adh\u00e9rence et les sensations sont assez similaires, il n&rsquo;y a pas vraiment de point n\u00e9gatif.\u00a0\u00bb<\/p>\n<p>   <img decoding=\"async\" draggable=\"false\" src=\"https:\/\/www.europesays.com\/fr\/wp-content\/uploads\/2025\/06\/jack-miller-pramac-racing.jpg\" alt=\"Jack Miller, Pramac Racing\" width=\"1200\" height=\"800\" loading=\"lazy\"\/> <\/p>\n<p class=\"title\">Jack Miller<\/p>\n<p class=\"photographer\">Photo de: Gold and Goose Photography \/ LAT Images \/ via Getty Images<\/p>\n<p>En d\u00e9but d&rsquo;ann\u00e9e, Jack Miller s&rsquo;est \u00e9galement montr\u00e9 satisfait du quatre cylindres en ligne de Yamaha, que la marque envisage pourtant d&rsquo;abandonner pour un V4. Il voyait surtout <a href=\"https:\/\/fr.motorsport.com\/motogp\/news\/miller-yamaha-pas-besoin-moteur-v4\/10696974\/\" target=\"_blank\" rel=\"noopener\">des progr\u00e8s n\u00e9cessaires dans la gestion \u00e9lectronique<\/a> et, l\u00e0 aussi, les signaux \u00e9taient positifs \u00e0 Silverstone\u00a0: \u00ab\u00a0\u00c7a s&rsquo;am\u00e9liore. [&#8230;] Dans ces chicanes lentes, c&rsquo;est surtout l\u00e0 que l&rsquo;ancien \u00e9lectronique posait plus probl\u00e8me parce qu&rsquo;on glissait plus d&rsquo;un virage \u00e0 l&rsquo;autre.\u00a0\u00bb<\/p>\n<p>\u00ab\u00a0C&rsquo;est moins invasif mais \u00e7a prot\u00e8ge mieux\u00a0\u00bb, a-t-il d\u00e9taill\u00e9. \u00ab\u00a0On ne veut pas que \u00e7a frappe \u00e0 la porte toutes les deux secondes en disant &lsquo;Je suis l\u00e0, je suis l\u00e0, je coupe les cylindres&rsquo;, ce qui fait perdre en performance. C&rsquo;est le plus important, que \u00e7a puisse permettre un sauvetage. Il faut que ce soit l\u00e0 pour que \u00e7a puisse faire un sauvetage, mais avoir la libert\u00e9 de pouvoir un peu jouer.\u00a0\u00bb<\/p>\n<p>Lire aussi :<\/p>\n<p>Dans cet article<\/p>\n<p>    Vincent Lalanne-Sicaud\n<\/p>\n<p>    MotoGP\n<\/p>\n<p>    Jack Miller\n<\/p>\n<p>    Pramac Racing\n<\/p>\n<p>Soyez le premier inform\u00e9 et souscrivez aux alertes mails pour recevoir les infos en temps r\u00e9el<\/p>\n<p>    S&rsquo;abonner aux alertes de news<\/p>\n","protected":false},"excerpt":{"rendered":"Apr\u00e8s plusieurs saisons difficiles, Yamaha rel\u00e8ve la t\u00eate de mani\u00e8re spectaculaire depuis quelques courses. Fabio Quartararo a d\u00e9croch\u00e9&hellip;\n","protected":false},"author":2,"featured_media":145969,"comment_status":"","ping_status":"","sticky":false,"template":"","format":"standard","meta":{"footnotes":""},"categories":[1413],"tags":[1011,27,12836,1457,1456,1458,3593,60],"class_list":{"0":"post-145968","1":"post","2":"type-post","3":"status-publish","4":"format-standard","5":"has-post-thumbnail","7":"category-moto","8":"tag-fr","9":"tag-france","10":"tag-jack-miller","11":"tag-moto","12":"tag-motocycle","13":"tag-motogp","14":"tag-pramac-racing","15":"tag-sports"},"share_on_mastodon":{"url":"https:\/\/pubeurope.com\/@fr\/114612861921077400","error":""},"_links":{"self":[{"href":"https:\/\/www.europesays.com\/fr\/wp-json\/wp\/v2\/posts\/145968","targetHints":{"allow":["GET"]}}],"collection":[{"href":"https:\/\/www.europesays.com\/fr\/wp-json\/wp\/v2\/posts"}],"about":[{"href":"https:\/\/www.europesays.com\/fr\/wp-json\/wp\/v2\/types\/post"}],"author":[{"embeddable":true,"href":"https:\/\/www.europesays.com\/fr\/wp-json\/wp\/v2\/users\/2"}],"replies":[{"embeddable":true,"href":"https:\/\/www.europesays.com\/fr\/wp-json\/wp\/v2\/comments?post=145968"}],"version-history":[{"count":0,"href":"https:\/\/www.europesays.com\/fr\/wp-json\/wp\/v2\/posts\/145968\/revisions"}],"wp:featuredmedia":[{"embeddable":true,"href":"https:\/\/www.europesays.com\/fr\/wp-json\/wp\/v2\/media\/145969"}],"wp:attachment":[{"href":"https:\/\/www.europesays.com\/fr\/wp-json\/wp\/v2\/media?parent=145968"}],"wp:term":[{"taxonomy":"category","embeddable":true,"href":"https:\/\/www.europesays.com\/fr\/wp-json\/wp\/v2\/categories?post=145968"},{"taxonomy":"post_tag","embeddable":true,"href":"https:\/\/www.europesays.com\/fr\/wp-json\/wp\/v2\/tags?post=145968"}],"curies":[{"name":"wp","href":"https:\/\/api.w.org\/{rel}","templated":true}]}}