{"id":145972,"date":"2025-06-02T08:38:09","date_gmt":"2025-06-02T08:38:09","guid":{"rendered":"https:\/\/www.europesays.com\/fr\/145972\/"},"modified":"2025-06-02T08:38:09","modified_gmt":"2025-06-02T08:38:09","slug":"mefiez-vous-des-fausses-bonnes-idees","status":"publish","type":"post","link":"https:\/\/www.europesays.com\/fr\/145972\/","title":{"rendered":"M\u00e9fiez-vous des fausses bonnes id\u00e9es !"},"content":{"rendered":"<p><strong>A bicyclette &#8211; \u00c9clairage, position sur la route, freinage\u2026 \u00ab 20 Minutes \u00bb d\u00e9crypte les fausses bonnes id\u00e9es pour rouler \u00e0 v\u00e9lo en toute s\u00e9curit\u00e9 en ville<\/strong><\/p>\n<p>Circuler \u00e0 <a href=\"https:\/\/www.20minutes.fr\/dossier\/velo?at_medium=RSS%20feed&amp;at_campaign=ynews&amp;utm_source=yahoo&amp;utm_medium=rss&amp;utm_campaign=news_feed&amp;utm_content=in_article_link\" rel=\"nofollow noopener\" target=\"_blank\" data-ylk=\"slk:v\u00e9lo;elm:context_link;itc:0;sec:content-canvas\" class=\"link \">v\u00e9lo <\/a>en ville demande de la vigilance, et chacun pense adopter les bons r\u00e9flexes pour rouler en toute s\u00e9curit\u00e9. Pourtant, certaines pratiques qui semblent logiques peuvent s\u2019av\u00e9rer contre-productives, voire dangereuses.<\/p>\n<p>Faut-il toujours rouler au plus pr\u00e8s du trottoir ? Un \u00e9clairage puissant garantit-il une meilleure visibilit\u00e9 ? Pour d\u00e9m\u00ealer le vrai du faux, on a demand\u00e9 \u00e0 Corentin Hennion, \u00e9ducateur de mobilit\u00e9 \u00e0 v\u00e9lo \u00e0 <a href=\"https:\/\/lafabriquedescyclistes.fr\/?at_medium=RSS%20feed&amp;at_campaign=ynews&amp;utm_source=yahoo&amp;utm_medium=rss&amp;utm_campaign=news_feed&amp;utm_content=in_article_link\" rel=\"nofollow noopener\" target=\"_blank\" data-ylk=\"slk:La Fabrique des Cyclistes;elm:context_link;itc:0;sec:content-canvas\" class=\"link \">La Fabrique des Cyclistes<\/a>, \u00e0 Courbevoie (Hauts-de-Seine), de nous partager les fausses bonnes id\u00e9es en mati\u00e8re de <a href=\"https:\/\/www.20minutes.fr\/dossier\/securite-routiere?at_medium=RSS%20feed&amp;at_campaign=ynews&amp;utm_source=yahoo&amp;utm_medium=rss&amp;utm_campaign=news_feed&amp;utm_content=in_article_link\" rel=\"nofollow noopener\" target=\"_blank\" data-ylk=\"slk:s\u00e9curit\u00e9;elm:context_link;itc:0;sec:content-canvas\" class=\"link \">s\u00e9curit\u00e9 <\/a>et ses conseils pour p\u00e9daler sans risque.<\/p>\n<p>Bien voir et \u00eatre vu<\/p>\n<p>Allumer <a href=\"https:\/\/www.20minutes.fr\/societe\/4128924-20241212-velo-devant-derriere-clignotante-droit-lumieres-deux-roues?at_medium=RSS%20feed&amp;at_campaign=ynews&amp;utm_source=yahoo&amp;utm_medium=rss&amp;utm_campaign=news_feed&amp;utm_content=in_article_link\" rel=\"nofollow noopener\" target=\"_blank\" data-ylk=\"slk:ses lumi\u00e8res;elm:context_link;itc:0;sec:content-canvas\" class=\"link \">ses lumi\u00e8res<\/a> \u00e0 v\u00e9lo semble une \u00e9vidence pour \u00eatre visible la nuit. Mais attention \u00e0 ne pas trop en faire. \u00ab Il faut faire attention avec certaines lumi\u00e8res qui peuvent \u00eatre tr\u00e8s \u00e9blouissantes pour les autres usagers de la route, que ce soit les pi\u00e9tons ou les automobilistes. Si elles sont trop fortes, ils risquent de ne plus vous voir du tout \u00bb, explique Corentin Hennion.<\/p>\n<p>Si \u00eatre vu est essentiel, voir ce qui vous entoure l\u2019est tout autant. Et cela passe aussi par votre positionnement sur la route. \u00ab Il ne faut pas se forcer \u00e0 rouler tout \u00e0 droite. Beaucoup de cyclistes pensent que c\u2019est plus prudent, mais c\u2019est une mauvaise id\u00e9e \u00bb, avertit-il. \u00ab Si vous roulez tr\u00e8s \u00e0 droite, vous risquez de vous prendre une porti\u00e8re qui s\u2019ouvre soudainement ou de croiser un pi\u00e9ton qui surgit entre deux v\u00e9hicules. \u00bb<\/p>\n<p>Freinage : ne misez pas tout sur l\u2019arri\u00e8re<\/p>\n<p>Qui n\u2019a jamais (&#8230;)<\/p>\n<p><a href=\"https:\/\/www.20minutes.fr\/societe\/4144121-20250602-securite-velo-mefiez-fausses-bonnes-idees?at_medium=RSS%20feed&amp;at_campaign=ynews&amp;utm_source=yahoo&amp;utm_medium=rss&amp;utm_campaign=news_feed&amp;utm_content=read_more_link\" rel=\"nofollow noopener\" target=\"_blank\" data-ylk=\"slk:Lire la suite sur 20minutes;elm:context_link;itc:0;sec:content-canvas\" class=\"link \">Lire la suite sur 20minutes<\/a><\/p>\n<p>\u00c0 lire aussi :<br \/><a href=\"https:\/\/www.20minutes.fr\/societe\/4120929-20241113-probleme-fat-bikes-pullulent-paris?at_medium=RSS%20feed&amp;at_campaign=ynews&amp;utm_source=yahoo&amp;utm_medium=rss&amp;utm_campaign=news_feed&amp;utm_content=related_content_link\" rel=\"nofollow noopener\" target=\"_blank\" data-ylk=\"slk:C\u2019est quoi le probl\u00e8me avec les \u00ab fat bikes \u00bb qui pullulent \u00e0 Paris ?;elm:context_link;itc:0;sec:content-canvas\" class=\"link \">C\u2019est quoi le probl\u00e8me avec les \u00ab fat bikes \u00bb qui pullulent \u00e0 Paris ?<\/a><br \/><a href=\"https:\/\/www.20minutes.fr\/paris\/4058897-20231021-velo-paris-classement-arrondissements-plus-engages?at_medium=RSS%20feed&amp;at_campaign=ynews&amp;utm_source=yahoo&amp;utm_medium=rss&amp;utm_campaign=news_feed&amp;utm_content=related_content_link\" rel=\"nofollow noopener\" target=\"_blank\" data-ylk=\"slk:V\u00e9lo \u00e0 Paris : Le classement des arrondissements les plus engag\u00e9s;elm:context_link;itc:0;sec:content-canvas\" class=\"link \">V\u00e9lo \u00e0 Paris : Le classement des arrondissements les plus engag\u00e9s<\/a><\/p>\n","protected":false},"excerpt":{"rendered":"A bicyclette &#8211; \u00c9clairage, position sur la route, freinage\u2026 \u00ab 20 Minutes \u00bb d\u00e9crypte les fausses bonnes id\u00e9es&hellip;\n","protected":false},"author":2,"featured_media":145973,"comment_status":"","ping_status":"","sticky":false,"template":"","format":"standard","meta":{"footnotes":""},"categories":[1411],"tags":[642,27507,1154,207,1011,27,3246,60,208],"class_list":{"0":"post-145972","1":"post","2":"type-post","3":"status-publish","4":"format-standard","5":"has-post-thumbnail","7":"category-cyclisme","8":"tag-20-minutes","9":"tag-corentin-hennion","10":"tag-cycling","11":"tag-cyclisme","12":"tag-fr","13":"tag-france","14":"tag-idees","15":"tag-sports","16":"tag-velo"},"share_on_mastodon":{"url":"https:\/\/pubeurope.com\/@fr\/114612869737905511","error":""},"_links":{"self":[{"href":"https:\/\/www.europesays.com\/fr\/wp-json\/wp\/v2\/posts\/145972","targetHints":{"allow":["GET"]}}],"collection":[{"href":"https:\/\/www.europesays.com\/fr\/wp-json\/wp\/v2\/posts"}],"about":[{"href":"https:\/\/www.europesays.com\/fr\/wp-json\/wp\/v2\/types\/post"}],"author":[{"embeddable":true,"href":"https:\/\/www.europesays.com\/fr\/wp-json\/wp\/v2\/users\/2"}],"replies":[{"embeddable":true,"href":"https:\/\/www.europesays.com\/fr\/wp-json\/wp\/v2\/comments?post=145972"}],"version-history":[{"count":0,"href":"https:\/\/www.europesays.com\/fr\/wp-json\/wp\/v2\/posts\/145972\/revisions"}],"wp:featuredmedia":[{"embeddable":true,"href":"https:\/\/www.europesays.com\/fr\/wp-json\/wp\/v2\/media\/145973"}],"wp:attachment":[{"href":"https:\/\/www.europesays.com\/fr\/wp-json\/wp\/v2\/media?parent=145972"}],"wp:term":[{"taxonomy":"category","embeddable":true,"href":"https:\/\/www.europesays.com\/fr\/wp-json\/wp\/v2\/categories?post=145972"},{"taxonomy":"post_tag","embeddable":true,"href":"https:\/\/www.europesays.com\/fr\/wp-json\/wp\/v2\/tags?post=145972"}],"curies":[{"name":"wp","href":"https:\/\/api.w.org\/{rel}","templated":true}]}}