{"id":145980,"date":"2025-06-02T08:42:09","date_gmt":"2025-06-02T08:42:09","guid":{"rendered":"https:\/\/www.europesays.com\/fr\/145980\/"},"modified":"2025-06-02T08:42:09","modified_gmt":"2025-06-02T08:42:09","slug":"cest-une-chronique-qui-demarre-en-1940-pres-de-dinan-ils-racontent-la-liberation-de-la-rance-dans-un-livre","status":"publish","type":"post","link":"https:\/\/www.europesays.com\/fr\/145980\/","title":{"rendered":"\u00ab\u00a0C\u2019est une chronique qui d\u00e9marre en 1940\u00a0\u00bb\u00a0: Pr\u00e8s de Dinan, ils racontent la lib\u00e9ration de la Rance dans un livre"},"content":{"rendered":"<p><a href=\"https:\/\/www.letelegramme.fr\/cotes-d-armor\/dinan-22100\/pour-le-80e-anniversaire-de-la-liberation-quest-il-prevu-a-dinan-6628727.php\" target=\"_blank\" rel=\"nofollow noopener\">Le 3 et 4 ao\u00fbt 2024, marquait les 80 ans de la Lib\u00e9ration. Treize communes autour de Dinan<\/a> comm\u00e9moraient alors cet \u00e9pisode en retra\u00e7ant diff\u00e9rents aspects et parcours de la guerre. Dans la continuit\u00e9, l\u2019association Au fil des Champs, organisatrice de la comm\u00e9moration l\u2019ann\u00e9e derni\u00e8re, sous la houlette de Pascal L\u2019Hermitte, agriculteur \u00e0 la retraite et passionn\u00e9 d\u2019histoire du territoire, en collaboration avec Yves Guenachte Le Bail ainsi que plusieurs contributeurs, ont d\u00e9cid\u00e9 d\u2019\u00e9diter leur livre autour cet \u00e9v\u00e9nement intitul\u00e9 \u00ab La Rance lib\u00e9r\u00e9e \u00bb.<\/p>\n<p>Pour Pascal L\u2019Hermitte, ce livre avait un but avant tout p\u00e9dagogique : \u00ab L\u2019id\u00e9e est de s\u2019adresser \u00e0 des personnes novices, qui apr\u00e8s la lecture du livre auront une petite id\u00e9e de ce qu\u2019\u00e9tait l\u2019Occupation, la Lib\u00e9ration et la mont\u00e9e de la r\u00e9sistance, la STO etc&#8230;. \u00bb <\/p>\n<p>Un travail de fond<\/p>\n<p>Cet ouvrage chronique s\u2019appuie sur un gros travail de recherche : \u00ab Il y a eu des heures de lectures, de bibliographie. L\u2019id\u00e9e de ce livre, c\u2019est une chronique qui d\u00e9marre en 1940 et qui raconte l\u2019histoire de l\u2019a\u00e9roclub de Dinan, puis on parle d\u2019autres personnages que l\u2019on retrouve \u00e0 diff\u00e9rents moments du livre \u00bb, raconte passionn\u00e9ment Pascal L\u2019Hermitte<\/p>\n<p>Au travers de quelques exemples pr\u00e9cis, r\u00e9partis sur le territoire du pays de Rance, le livre raconte l\u2019histoire telle qu\u2019elle s\u2019est d\u00e9roul\u00e9e \u00e0 vue d\u2019homme. De photos d\u2019\u00e9poques retrouv\u00e9es lors de recherches minutieuses et certaines, encore tr\u00e8s rares, alimentent le livre. Des affiches ont \u00e9t\u00e9 retrouv\u00e9es dans des archives communales oubli\u00e9es depuis 80 ans. Un collectionneur a \u00e9galement pr\u00eat\u00e9 des photos de militaires allemands.<\/p>\n<p>Des t\u00e9moignages<\/p>\n<p>Le t\u00e9moignage de Jean Lebranchu, grand r\u00e9sistant, a \u00e9t\u00e9 couch\u00e9 sur le papier sans aucune retouche. \u00ab Cet ancien maire de Tr\u00e9fumel fut un grand r\u00e9sistant et a subi une s\u00e9quence de torture abominable avec un de ses r\u00e9sistants du Quiou. Lors des comm\u00e9morations, on a voulu le mettre en avant et dans le livre, on raconte tout son p\u00e9riple car son histoire m\u00e9rite d\u2019\u00eatre rappel\u00e9e. Il est pass\u00e9 vraiment pr\u00e8s de la mort, son \u00e9vasion est racont\u00e9e dans le d\u00e9tail dans le livre. Elle est tr\u00e8s rocambolesque et malheureusement pour son coll\u00e8gue d\u2019infortune, lui n\u2019a pas r\u00e9ussi \u00e0 s\u2019en sortir \u00bb, s\u2019\u00e9meut Pascal L\u2019Hermitte.<\/p>\n<p>Des pr\u00e9sentations<\/p>\n<p>Le livre sera pr\u00e9sent\u00e9 dans les communes cit\u00e9es dedans o\u00f9 mes faits marquants seront pr\u00e9sent\u00e9s. \u00c0 Lanvallay ce samedi, il sera question des faits peu connus de batailles de la ville. Le livre, \u00e9dit\u00e9 en 500 exemplaires de 200 pages, sera vendu en fin de pr\u00e9sentation. Une deuxi\u00e8me \u00e9dition est d\u00e9j\u00e0 pr\u00e9vue, car les premiers exemplaires sont vite partis.<\/p>\n<p><b>Pratique<\/b><\/p>\n<p>Le 7 juin \u00e0 15 h \u00e0 la salle des f\u00eates de Lanvallay, s\u00e9ance de restitution du livre.<\/p>\n","protected":false},"excerpt":{"rendered":"Le 3 et 4 ao\u00fbt 2024, marquait les 80 ans de la Lib\u00e9ration. Treize communes autour de Dinan&hellip;\n","protected":false},"author":2,"featured_media":145981,"comment_status":"","ping_status":"","sticky":false,"template":"","format":"standard","meta":{"footnotes":""},"categories":[1357],"tags":[1379,3472,58,59,1011,27,1380],"class_list":{"0":"post-145980","1":"post","2":"type-post","3":"status-publish","4":"format-standard","5":"has-post-thumbnail","7":"category-livres","8":"tag-books","9":"tag-dinan","10":"tag-divertissement","11":"tag-entertainment","12":"tag-fr","13":"tag-france","14":"tag-livres"},"share_on_mastodon":{"url":"https:\/\/pubeurope.com\/@fr\/114612885483460768","error":""},"_links":{"self":[{"href":"https:\/\/www.europesays.com\/fr\/wp-json\/wp\/v2\/posts\/145980","targetHints":{"allow":["GET"]}}],"collection":[{"href":"https:\/\/www.europesays.com\/fr\/wp-json\/wp\/v2\/posts"}],"about":[{"href":"https:\/\/www.europesays.com\/fr\/wp-json\/wp\/v2\/types\/post"}],"author":[{"embeddable":true,"href":"https:\/\/www.europesays.com\/fr\/wp-json\/wp\/v2\/users\/2"}],"replies":[{"embeddable":true,"href":"https:\/\/www.europesays.com\/fr\/wp-json\/wp\/v2\/comments?post=145980"}],"version-history":[{"count":0,"href":"https:\/\/www.europesays.com\/fr\/wp-json\/wp\/v2\/posts\/145980\/revisions"}],"wp:featuredmedia":[{"embeddable":true,"href":"https:\/\/www.europesays.com\/fr\/wp-json\/wp\/v2\/media\/145981"}],"wp:attachment":[{"href":"https:\/\/www.europesays.com\/fr\/wp-json\/wp\/v2\/media?parent=145980"}],"wp:term":[{"taxonomy":"category","embeddable":true,"href":"https:\/\/www.europesays.com\/fr\/wp-json\/wp\/v2\/categories?post=145980"},{"taxonomy":"post_tag","embeddable":true,"href":"https:\/\/www.europesays.com\/fr\/wp-json\/wp\/v2\/tags?post=145980"}],"curies":[{"name":"wp","href":"https:\/\/api.w.org\/{rel}","templated":true}]}}