{"id":145982,"date":"2025-06-02T08:43:14","date_gmt":"2025-06-02T08:43:14","guid":{"rendered":"https:\/\/www.europesays.com\/fr\/145982\/"},"modified":"2025-06-02T08:43:14","modified_gmt":"2025-06-02T08:43:14","slug":"son-posterieur-denude-cyril-hanouna-sengouffre-tete-la-premiere-dans-la-polemique-du-moment","status":"publish","type":"post","link":"https:\/\/www.europesays.com\/fr\/145982\/","title":{"rendered":"\u201cSon post\u00e9rieur d\u00e9nud\u00e9\u201d : Cyril Hanouna s&rsquo;engouffre t\u00eate la premi\u00e8re dans la pol\u00e9mique du moment"},"content":{"rendered":"<p>Dans l\u2019\u00e9mission On marche sur la t\u00eate, anim\u00e9e par Cyril<br \/>\nHanouna, le ton est souvent direct et engag\u00e9, avec un traitement<br \/>\ndes pol\u00e9miques qui font l\u2019actualit\u00e9. Le talk-show n\u2019h\u00e9site pas \u00e0<br \/>\naborder des sujets sensibles. Et \u00e0 donner la parole \u00e0 des t\u00e9moins<br \/>\nou protagonistes, comme r\u00e9cemment avec l\u2019affaire du<br \/>\n<strong>chauffeur de bus RATP<\/strong>.<\/p>\n<p>Ce dernier, sanctionn\u00e9 apr\u00e8s avoir refus\u00e9 l\u2019acc\u00e8s \u00e0 une<br \/>\nvoyageuse qu\u2019il jugeait trop l\u00e9g\u00e8rement v\u00eatue, est venu s\u2019exprimer<br \/>\nen exclusivit\u00e9 sur <a href=\"https:\/\/www.closermag.fr\/tv_tele_realite\/cyril-hanouna-en-fin-de-regne-sur-europe-1-une-ambiance-deletere-flotte-dans-lair-3526441\" target=\"_blank\" rel=\"noopener\"><br \/>\nEurope 1<\/a>, invit\u00e9 par Cyril Hanouna. L\u2019\u00e9mission a ainsi permis<br \/>\nd\u2019\u00e9clairer les faits sous un angle in\u00e9dit, tout en relan\u00e7ant le<br \/>\nd\u00e9bat autour du respect, des r\u00e8gles et de la mani\u00e8re dont ces<br \/>\nsituations sont g\u00e9r\u00e9es.<\/p>\n<p>Cyril Hanouna : les d\u00e9tails de sa nouvelle \u00e9mission<br \/>\nd\u00e9voil\u00e9s<\/p>\n<p>Selon Jean-Marc Morandini, le nouveau programme quotidien tourn\u00e9<br \/>\n\u00e0 la Canal Factory s\u2019installera dans un d\u00e9cor aux couleurs<br \/>\ncaract\u00e9ristiques de W9. Le tout domin\u00e9 par le<br \/>\n<strong>violet<\/strong>, rappelant le logo de la cha\u00eene. La table<br \/>\nde l\u2019\u00e9mission, con\u00e7ue en forme de <strong>W<\/strong>, fera elle<br \/>\naussi r\u00e9f\u00e9rence \u00e0 cette identit\u00e9 visuelle. Contrairement aux<br \/>\ngradins traditionnels, le public sera plac\u00e9 dans un d\u00e9cor pens\u00e9<br \/>\ncomme une ar\u00e8ne, \u00e9voquant l\u2019ambiance des jeux du cirque.<\/p>\n<p>Le titre de l\u2019\u00e9mission s\u2019inspire \u00e9galement du canal 9. Elle<br \/>\ns\u2019intitulera <a href=\"https:\/\/www.closermag.fr\/tv_tele_realite\/cyril-hanouna-la-date-de-son-grand-retour-a-lantenne-devoilee-les-cheris-grande-nouvelle-3545648\" target=\"_blank\" rel=\"noopener\"><br \/>\nTout beau, tout 9<\/a> et sera diffus\u00e9e tous les jours de<br \/>\n18h \u00e0 21h. Le hashtag officiel, essentiel pour l\u2019animation sur les<br \/>\nr\u00e9seaux sociaux, a \u00e9galement \u00e9t\u00e9 choisi : <strong>#TBT9<\/strong>.<br \/>\nPar ailleurs, une nouvelle chroniqueuse rejoint l\u2019\u00e9quipe de Cyril<br \/>\nHanouna. Il s\u2019agit de Jade Leboeuf, mannequin et influenceuse.<\/p>\n<p>Le chauffeur de bus s&rsquo;exprime pour la<br \/>\npremi\u00e8re fois<\/p>\n<p>Un chauffeur de bus de la RATP a \u00e9t\u00e9 sanctionn\u00e9 apr\u00e8s avoir<br \/>\nrefus\u00e9 l\u2019acc\u00e8s \u00e0 une passag\u00e8re. Il a estim\u00e9 que sa tenue \u00e9tait trop<br \/>\nl\u00e9g\u00e8re. La sc\u00e8ne, film\u00e9e, a rapidement circul\u00e9 sur les r\u00e9seaux<br \/>\nsociaux. L\u2019entreprise a lanc\u00e9 une enqu\u00eate interne et condamne<br \/>\nfermement le comportement de son employ\u00e9. \u00ab\u00a0C\u2019est court\u00a0\u00bb,<br \/>\nadmet-elle, \u00ab\u00a0mais j\u2019ai un short dessous\u00a0\u00bb. Puis, la col\u00e8re<br \/>\n\u00e9clate. \u00ab\u00a0Je monte dans le bus comme je veux, on est en France,<br \/>\n<strong>je m\u2019habille comme je veux<\/strong>. Depuis quand il est<br \/>\n\u00e9crit qu\u2019on ne peut pas prendre le bus avec une jupe courte et un<br \/>\n<strong>d\u00e9collet\u00e9<\/strong> ?\u00a0\u00bb.<\/p>\n<p>Invit\u00e9 dans l\u2019\u00e9mission On marche sur la t\u00eate anim\u00e9e par<br \/>\n<a href=\"https:\/\/www.closermag.fr\/people\/cyril-hanouna-en-couple-avec-tiphaine-auziere-prudence-sur-la-gifle-de-brigitte-a-emmanuel-macron-3548903\" target=\"_blank\" rel=\"noopener\"><br \/>\nCyril Hanouna<\/a>, le chauffeur a donn\u00e9 sa version des faits en<br \/>\nexclusivit\u00e9 sur Europe 1. P\u00e8re de quatre enfants, il assure ne pas<br \/>\navoir jug\u00e9 la tenue de la voyageuse en g\u00e9n\u00e9ral : \u00ab\u00a0Je ne faisais<br \/>\npas du tout allusion \u00e0 ses v\u00eatements. Moi, je faisais allusion \u00e0 ce<br \/>\nque j&rsquo;ai vu, <strong>c&rsquo;est son post\u00e9rieur d\u00e9nud\u00e9<\/strong>. Je vous<br \/>\ngarantis, moi, c&rsquo;est ce que j&rsquo;ai vu\u00a0\u00bb, a-t-il expliqu\u00e9 face \u00e0<br \/>\nCyril Hanouna. Il affirme que cette r\u00e9flexion \u00e9tait clairement dans<br \/>\n\u00ab\u00a0son propre int\u00e9r\u00eat. Et\u00a0que la femme en cause \u00e0<br \/>\n\u00ab\u00a0d\u00e9former les propos\u00a0\u00bb.<\/p>\n","protected":false},"excerpt":{"rendered":"Dans l\u2019\u00e9mission On marche sur la t\u00eate, anim\u00e9e par Cyril Hanouna, le ton est souvent direct et engag\u00e9,&hellip;\n","protected":false},"author":2,"featured_media":145983,"comment_status":"","ping_status":"","sticky":false,"template":"","format":"standard","meta":{"footnotes":""},"categories":[1356],"tags":[548,1083,58,59,1011,27,252,1364],"class_list":{"0":"post-145982","1":"post","2":"type-post","3":"status-publish","4":"format-standard","5":"has-post-thumbnail","7":"category-television","8":"tag-article-simple","9":"tag-cyril-hanouna","10":"tag-divertissement","11":"tag-entertainment","12":"tag-fr","13":"tag-france","14":"tag-television","15":"tag-tv"},"share_on_mastodon":{"url":"https:\/\/pubeurope.com\/@fr\/114612889364311128","error":""},"_links":{"self":[{"href":"https:\/\/www.europesays.com\/fr\/wp-json\/wp\/v2\/posts\/145982","targetHints":{"allow":["GET"]}}],"collection":[{"href":"https:\/\/www.europesays.com\/fr\/wp-json\/wp\/v2\/posts"}],"about":[{"href":"https:\/\/www.europesays.com\/fr\/wp-json\/wp\/v2\/types\/post"}],"author":[{"embeddable":true,"href":"https:\/\/www.europesays.com\/fr\/wp-json\/wp\/v2\/users\/2"}],"replies":[{"embeddable":true,"href":"https:\/\/www.europesays.com\/fr\/wp-json\/wp\/v2\/comments?post=145982"}],"version-history":[{"count":0,"href":"https:\/\/www.europesays.com\/fr\/wp-json\/wp\/v2\/posts\/145982\/revisions"}],"wp:featuredmedia":[{"embeddable":true,"href":"https:\/\/www.europesays.com\/fr\/wp-json\/wp\/v2\/media\/145983"}],"wp:attachment":[{"href":"https:\/\/www.europesays.com\/fr\/wp-json\/wp\/v2\/media?parent=145982"}],"wp:term":[{"taxonomy":"category","embeddable":true,"href":"https:\/\/www.europesays.com\/fr\/wp-json\/wp\/v2\/categories?post=145982"},{"taxonomy":"post_tag","embeddable":true,"href":"https:\/\/www.europesays.com\/fr\/wp-json\/wp\/v2\/tags?post=145982"}],"curies":[{"name":"wp","href":"https:\/\/api.w.org\/{rel}","templated":true}]}}