{"id":145984,"date":"2025-06-02T08:44:19","date_gmt":"2025-06-02T08:44:19","guid":{"rendered":"https:\/\/www.europesays.com\/fr\/145984\/"},"modified":"2025-06-02T08:44:19","modified_gmt":"2025-06-02T08:44:19","slug":"restructuration-payante-a-radio-echo-des-choucas","status":"publish","type":"post","link":"https:\/\/www.europesays.com\/fr\/145984\/","title":{"rendered":"restructuration payante \u00e0 Radio \u00c9cho des Choucas"},"content":{"rendered":"<p>Avec Radio Pulsar \u00e0 Poitiers, c\u2019est la plus ancienne radio associative du d\u00e9partement. Rue Faideau, Radio \u00c9cho des Choucas (103.7 FM), au moment de souffler ses 42 bougies en 2025, retrouve de l\u2019\u00e9nergie sous l\u2019impulsion de Matthieu Noirot, apr\u00e8s avoir craint pour sa survie. \u00ab\u00a0Je croise plein de personnes qui disent \u00e9couter \u00e0 nouveau REC, \u00e7a fait plaisir. Elle est vraiment la radio du Pays chauvinois, la radio d\u2019ici\u00a0\u00bb, commente celui qui est de retour au poste de pr\u00e9sident depuis juillet\u00a02024 (1). Rencontre.<\/p>\n<p>\u00ab\u00a0Avec la diminution des subventions, on doit d\u00e9velopper des financements parall\u00e8les\u00a0\u00bb<\/p>\n<p class=\"interview\">Qu\u2019est-ce qui a chang\u00e9 \u00e0 la radio\u00a0?<\/p>\n<p><strong>Mathieu Noirot<\/strong>\u00a0<strong>:<\/strong> \u00ab\u00a02024, c\u2019\u00e9tait l\u2019ann\u00e9e de tous les dangers et en dix mois, on a pas mal boug\u00e9. Nous avons proc\u00e9d\u00e9 \u00e0 des restructurations\u00a0: changement de visuel, d\u2019habillage antenne, programmation musicale \u00e9largie, nouvelles \u00e9missions (2), plus de rubriques\u2026 Une radio, c\u2019est comme une entreprise mais avec une bonne \u00e9quipe, on peut avancer. Le but, c\u2019est de faire une radio active.\u00a0\u00bb<\/p>\n<p class=\"interview\">Cela se traduit comment\u00a0?<\/p>\n<p>\u00ab\u00a0Notre professionnel, Bryan Chambron, animateur-programmateur, re\u00e7oit r\u00e9guli\u00e8rement des invit\u00e9s dans la quotidienne du lundi au vendredi de 16\u00a0h\u00a030 \u00e0 17\u00a0h\u00a030.\u00a0On s\u2019est rapproch\u00e9 des salles de spectacle, des lieux de concert pour faire gagner des places, du monde associatif. On a ainsi lanc\u00e9 une carte associative \u00e0 30\u00a0\u20ac avec une rubrique sp\u00e9ciale pour annoncer les manifestations du week-end. On sera aussi \u00e0 Couh\u00e9 les 6 et 7\u00a0juin au festival La voix du rock\u00a0pour pr\u00e9senter la quotidienne et retransmettre des concerts \u00e0 direct.\u00a0\u00bb<\/p>\n<p class=\"interview\">Vous fonctionnez avec combien de b\u00e9n\u00e9voles\u00a0?<\/p>\n<p>\u00ab\u00a0Une quinzaine. J\u2019invite ceux qui souhaiteraient faire de la radio \u00e0 nous rejoindre pour animer d\u2019autres \u00e9missions. On peut les former sans probl\u00e8me.\u00a0\u00bb<\/p>\n<p class=\"interview\">Financi\u00e8rement, o\u00f9 en \u00eates-vous\u00a0?<\/p>\n<p>\u00ab\u00a0Dans un contexte de diminution des subventions, on doit d\u00e9velopper des financements parall\u00e8les, sachant qu\u2019une radio associative non commerciale a droit \u00e0 la publicit\u00e9 dans la limite de 20\u00a0% de son chiffre d\u2019affaires. On a ouvert la publicit\u00e9 \u00e0 l\u2019antenne pour les artisans, commer\u00e7ants ou autres et on proposera du sponsoring pour la prochaine grille de programmes 2025-2026 \u00e0 des tarifs abordables. On a aussi lanc\u00e9 la carte auditeur adh\u00e9rent \u00e0 5\u00a0\u20ac pour ceux qui veulent nous soutenir.\u00a0\u00bb<\/p>\n<p class=\"interview\">L\u2019\u00e9metteur pourrait quitter la rue des Puys\u2026<\/p>\n<p>\u00ab\u00a0La bonne nouvelle, c\u2019est que nous avons re\u00e7u l\u2019autorisation de pouvoir d\u00e9placer l\u2019\u00e9metteur sur le ch\u00e2teau d\u2019eau de la Caronni\u00e8re, le point le plus haut de la ville. Cela nous permettra d\u2019augmenter le rayon d\u2019\u00e9mission \u00e0 40\u00a0km autour de Chauvigny. L\u00e0, on n\u2019est pas re\u00e7u \u00e0 Bonneuil-Matours, \u00e0 Lussac\u2026 Il va falloir monter le dossier de financement, sachant qu\u2019il faudra renouveler totalement le mat\u00e9riel, devenu obsol\u00e8te. Ce sera peut-\u00eatre op\u00e9rationnel \u00e0 la rentr\u00e9e 2027.\u00a0\u00bb<\/p>\n<p>Contact\u00a0: 05.49.56.59.28 (permanences les mardis et jeudis de 9\u00a0h \u00e0 12\u00a0h\u00a030), radiorec.fr<\/p>\n<p>(1) Le nouveau bureau\u00a0: pr\u00e9sident, Matthieu Noirot\u00a0; vice-pr\u00e9sident\u00a0: Kader Bagatogo\u00a0; secr\u00e9taire, Jean-Michel St\u00e9venin\u00a0; tr\u00e9sorier\u00a0: Jean-Claude Chambon\u00a0; tr\u00e9sorier adjoint, Pascal Giraudet.<\/p>\n<p>(2) \u00ab\u00a0Tourner la page\u00a0\u00bb, un mercredi sur deux de 15\u00a0h \u00e0 15\u00a0h\u00a030, \u00e9mission litt\u00e9raire\u00a0; \u00ab\u00a0Quand le jazz est l\u00e0\u00a0\u00bb, tous les jeudis de 18\u00a0h \u00e0 18\u00a0h\u00a030\u00a0; \u00ab\u00a0Level Up\u00a0\u00bb, un jeudi sur deux de 21\u00a0h \u00e0 22\u00a0h, \u00e9mission sur les jeux et les r\u00e9seaux sociaux.<\/p>\n","protected":false},"excerpt":{"rendered":"Avec Radio Pulsar \u00e0 Poitiers, c\u2019est la plus ancienne radio associative du d\u00e9partement. Rue Faideau, Radio \u00c9cho des&hellip;\n","protected":false},"author":2,"featured_media":145985,"comment_status":"","ping_status":"","sticky":false,"template":"","format":"standard","meta":{"footnotes":""},"categories":[1355],"tags":[1392,9332,21929,58,59,1011,27,500,1361,873,1825],"class_list":{"0":"post-145984","1":"post","2":"type-post","3":"status-publish","4":"format-standard","5":"has-post-thumbnail","7":"category-musique","8":"tag-a-la-une-local","9":"tag-centrepresse","10":"tag-chauvigny","11":"tag-divertissement","12":"tag-entertainment","13":"tag-fr","14":"tag-france","15":"tag-medias","16":"tag-music","17":"tag-musique","18":"tag-radio"},"share_on_mastodon":{"url":"https:\/\/pubeurope.com\/@fr\/114612893374678270","error":""},"_links":{"self":[{"href":"https:\/\/www.europesays.com\/fr\/wp-json\/wp\/v2\/posts\/145984","targetHints":{"allow":["GET"]}}],"collection":[{"href":"https:\/\/www.europesays.com\/fr\/wp-json\/wp\/v2\/posts"}],"about":[{"href":"https:\/\/www.europesays.com\/fr\/wp-json\/wp\/v2\/types\/post"}],"author":[{"embeddable":true,"href":"https:\/\/www.europesays.com\/fr\/wp-json\/wp\/v2\/users\/2"}],"replies":[{"embeddable":true,"href":"https:\/\/www.europesays.com\/fr\/wp-json\/wp\/v2\/comments?post=145984"}],"version-history":[{"count":0,"href":"https:\/\/www.europesays.com\/fr\/wp-json\/wp\/v2\/posts\/145984\/revisions"}],"wp:featuredmedia":[{"embeddable":true,"href":"https:\/\/www.europesays.com\/fr\/wp-json\/wp\/v2\/media\/145985"}],"wp:attachment":[{"href":"https:\/\/www.europesays.com\/fr\/wp-json\/wp\/v2\/media?parent=145984"}],"wp:term":[{"taxonomy":"category","embeddable":true,"href":"https:\/\/www.europesays.com\/fr\/wp-json\/wp\/v2\/categories?post=145984"},{"taxonomy":"post_tag","embeddable":true,"href":"https:\/\/www.europesays.com\/fr\/wp-json\/wp\/v2\/tags?post=145984"}],"curies":[{"name":"wp","href":"https:\/\/api.w.org\/{rel}","templated":true}]}}