{"id":145988,"date":"2025-06-02T08:46:09","date_gmt":"2025-06-02T08:46:09","guid":{"rendered":"https:\/\/www.europesays.com\/fr\/145988\/"},"modified":"2025-06-02T08:46:09","modified_gmt":"2025-06-02T08:46:09","slug":"une-simple-prise-de-sang-pour-debusquer-plus-tot-la-recidive-et-adapter-le-traitement","status":"publish","type":"post","link":"https:\/\/www.europesays.com\/fr\/145988\/","title":{"rendered":"une simple prise de sang pour d\u00e9busquer plus t\u00f4t la r\u00e9cidive et adapter le traitement"},"content":{"rendered":"<p>La biopsie liquide, qui recherche des traces de la tumeur dans le sang, fait progressivement ses preuves. Cette technique peu invasive promet de d\u00e9tecter tr\u00e8s pr\u00e9cocement les rechutes.<\/p>\n<p class=\"fig-paragraph\">Et si\u00a0<a href=\"http:\/\/sante.lefigaro.fr\/medecine\/la-biopsie-liquide-une-arme-prometteuse-dans-la-lutte-contre-le-cancer-20241014\" data-fig-type=\"Article\" data-gtm-custom-categorie=\"navigation\" data-gtm-custom-action=\"crossclick\" data-gtm-custom-label=\"Contextuel\" data-gtm-event=\"customEventSPE\" data-fig-domain=\"SANTE\" target=\"_blank\" rel=\"noopener\">une simple prise de sang<\/a>\u00a0permettait de rep\u00e9rer et de traiter une r\u00e9cidive de\u00a0<a href=\"https:\/\/sante.lefigaro.fr\/sante\/maladie\/cancer-presentation-generale\/comment-apparait-cancer#:~:text=d%C3%A9pister%20les%20cancers%20%3F-,Comment%20apparait%20le%20cancer%20%3F,est%20n%C3%A9e%2C%20alt%C3%A9rant%20son%20fonctionnement.\" target=\"_blank\" data-fig-type=\"Keyword\" rel=\"noopener\" data-gtm-custom-categorie=\"navigation\" data-gtm-custom-action=\"crossclick\" data-gtm-custom-label=\"Contextuel\" data-gtm-event=\"customEventSPE\" data-fig-domain=\"SANTE\">cancer<\/a>\u00a0bien avant qu\u2019elle ne devienne visible \u00e0\u00a0<a href=\"http:\/\/sante.lefigaro.fr\/medecine\/cancer-du-sein-j-ai-une-image-suspecte-a-la-mammographie-que-dois-je-faire-20241015\" data-fig-type=\"Article\" data-gtm-custom-categorie=\"navigation\" data-gtm-custom-action=\"crossclick\" data-gtm-custom-label=\"Contextuel\" data-gtm-event=\"customEventSPE\" data-fig-domain=\"SANTE\" target=\"_blank\" rel=\"noopener\">l\u2019imagerie m\u00e9dicale<\/a>\u00a0? Cette promesse semble d\u00e9j\u00e0 \u00e0 port\u00e9e de main pour le cancer du sein, avec la pr\u00e9sentation au congr\u00e8s de l\u2019American Society of Clinical Oncology (Asco), \u00e0 Chicago, des r\u00e9sultats obtenus par une \u00e9quipe de l\u2019Institut Curie (Paris). Une avanc\u00e9e prometteuse qui pourrait \u00eatre appliqu\u00e9e \u00e0 d\u2019autres types de cancers, et transformer en profondeur le suivi post-traitement des patients. C\u2019est le pari de l\u2019\u00e9tude clinique Umbrella, men\u00e9e \u00e0 l\u2019institut Gustave-Roussy (Villejuif).<\/p>\n<p class=\"fig-paragraph\">Lorsqu\u2019une tumeur est diagnostiqu\u00e9e \u00e0 un stade localis\u00e9, elle est en g\u00e9n\u00e9ral trait\u00e9e par chirurgie, parfois compl\u00e9t\u00e9e par une radioth\u00e9rapie ou\u00a0<a href=\"https:\/\/www.lefigaro.fr\/sciences\/cancers-la-revolution-en-marche-20221113\" data-fig-type=\"Article\" data-gtm-custom-categorie=\"navigation\" data-gtm-custom-action=\"crossclick\" data-gtm-custom-label=\"Contextuel\" data-gtm-event=\"customEventSPE\" data-fig-domain=\"LEFIGARO\" target=\"_blank\" rel=\"noopener\">une chimioth\u00e9rapie<\/a>. Ensuite,\u00a0<a href=\"https:\/\/www.lefigaro.fr\/sciences\/cancer-du-diagnostic-a-la-remission-l-odyssee-des-malades-20231126\" data-fig-type=\"Article\" data-gtm-custom-categorie=\"navigation\" data-gtm-custom-action=\"crossclick\" data-gtm-custom-label=\"Contextuel\" data-gtm-event=\"customEventSPE\" data-fig-domain=\"LEFIGARO\" target=\"_blank\" rel=\"noopener\">pendant plusieurs ann\u00e9es, le patient est \u00e9troitement surveill\u00e9<\/a>\u00a0\u00e0 l\u2019aide de scanners ou d\u2019IRM, \u00e0 intervalles r\u00e9guliers, pour d\u00e9tecter une \u00e9ventuelle r\u00e9cidive. Mais cette strat\u00e9gie repose sur la visualisation\u2026<\/p>\n<p class=\"fig-premium-paywall__infos\">\n        Cet article est r\u00e9serv\u00e9 aux abonn\u00e9s.        Il vous reste 75% \u00e0 d\u00e9couvrir.\n    <\/p>\n<p>                <img  data- alt=\"Le Figaro\" class=\"fig-img--complete fig-img\"\/><\/p>\n<p class=\"fig-premium-paywall__title\">Vente Flash<\/p>\n<p class=\"fig-premium-paywall__subtitle\">4,99\u20ac par mois pendant 12 mois. Sans engagement.<\/p>\n<p class=\"fig-premium-paywall__connect\">\n                D\u00e9j\u00e0 abonn\u00e9\u00a0?                <a class=\"fig-premium-paywall__connect-link\" href=\"https:\/\/connect.lefigaro.fr\/login?client=sante_web&amp;type=main&amp;redirect_uri=https%3A%2F%2Fsante.lefigaro.fr%2Fmedecine%2Fcancer-une-simple-prise-de-sang-pour-debusquer-plus-tot-la-recidive-et-adapter-le-traitement-20250602\" data-js-gtm=\"{&quot;customCategorie&quot;: &quot;conversion&quot;, &quot;customAction&quot;: &quot;before_Landing_Connexion_paywall_auto&quot;, &quot;customLabel&quot;: &quot;c2FudGUubGVmaWdhcm8uZnJfXzFmMDNlZTk4LWMzMjAtNmQyNC05OTNmLTQ3MzUwMDM5NGY0OF9fQXJ0aWNsZQ==_Cancer\u00a0: une simple prise de sang pour d\u00e9busquer plus t\u00f4t la r\u00e9cidive et adapter le traitement_375&quot;, &quot;customIDSPE&quot;: &quot;c2FudGUubGVmaWdhcm8uZnJfXzFmMDNlZTk4LWMzMjAtNmQyNC05OTNmLTQ3MzUwMDM5NGY0OF9fQXJ0aWNsZQ==&quot;, &quot;event&quot;: &quot;customEventSPE&quot;}\" target=\"_blank\" rel=\"noopener\"><br \/>\n                    Connectez-vous<br \/>\n                <\/a>\n            <\/p>\n","protected":false},"excerpt":{"rendered":"La biopsie liquide, qui recherche des traces de la tumeur dans le sang, fait progressivement ses preuves. Cette&hellip;\n","protected":false},"author":2,"featured_media":145989,"comment_status":"","ping_status":"","sticky":false,"template":"","format":"standard","meta":{"footnotes":""},"categories":[10],"tags":[237,101,232,231,234,228,1011,27,72,239,230,238,226,224,225,233,229,236,235,71,227],"class_list":{"0":"post-145988","1":"post","2":"type-post","3":"status-publish","4":"format-standard","5":"has-post-thumbnail","7":"category-sante","8":"tag-actualite-sur-les-maladies","9":"tag-cancer","10":"tag-cardiologie","11":"tag-cerveau","12":"tag-diabete","13":"tag-diagnostic","14":"tag-fr","15":"tag-france","16":"tag-health","17":"tag-info-sur-les-maladies","18":"tag-infographie","19":"tag-information-sur-les-maladies","20":"tag-maladie","21":"tag-medecine","22":"tag-medicament","23":"tag-obesite","24":"tag-pathologie","25":"tag-pediatrie","26":"tag-psychiatrie","27":"tag-sante","28":"tag-traitement"},"share_on_mastodon":{"url":"https:\/\/pubeurope.com\/@fr\/114612901195543749","error":""},"_links":{"self":[{"href":"https:\/\/www.europesays.com\/fr\/wp-json\/wp\/v2\/posts\/145988","targetHints":{"allow":["GET"]}}],"collection":[{"href":"https:\/\/www.europesays.com\/fr\/wp-json\/wp\/v2\/posts"}],"about":[{"href":"https:\/\/www.europesays.com\/fr\/wp-json\/wp\/v2\/types\/post"}],"author":[{"embeddable":true,"href":"https:\/\/www.europesays.com\/fr\/wp-json\/wp\/v2\/users\/2"}],"replies":[{"embeddable":true,"href":"https:\/\/www.europesays.com\/fr\/wp-json\/wp\/v2\/comments?post=145988"}],"version-history":[{"count":0,"href":"https:\/\/www.europesays.com\/fr\/wp-json\/wp\/v2\/posts\/145988\/revisions"}],"wp:featuredmedia":[{"embeddable":true,"href":"https:\/\/www.europesays.com\/fr\/wp-json\/wp\/v2\/media\/145989"}],"wp:attachment":[{"href":"https:\/\/www.europesays.com\/fr\/wp-json\/wp\/v2\/media?parent=145988"}],"wp:term":[{"taxonomy":"category","embeddable":true,"href":"https:\/\/www.europesays.com\/fr\/wp-json\/wp\/v2\/categories?post=145988"},{"taxonomy":"post_tag","embeddable":true,"href":"https:\/\/www.europesays.com\/fr\/wp-json\/wp\/v2\/tags?post=145988"}],"curies":[{"name":"wp","href":"https:\/\/api.w.org\/{rel}","templated":true}]}}