{"id":145990,"date":"2025-06-02T08:47:09","date_gmt":"2025-06-02T08:47:09","guid":{"rendered":"https:\/\/www.europesays.com\/fr\/145990\/"},"modified":"2025-06-02T08:47:09","modified_gmt":"2025-06-02T08:47:09","slug":"max-verstappen-penalise-a-tort-apres-lincident-avec-russell","status":"publish","type":"post","link":"https:\/\/www.europesays.com\/fr\/145990\/","title":{"rendered":"Max Verstappen p\u00e9nalis\u00e9 \u00e0 tort apr\u00e8s l\u2019incident avec Russell"},"content":{"rendered":"<p itemprop=\"description\">Apr\u00e8s enqu\u00eate, les commissaires du Grand<br \/>\nPrix d\u2019Espagne ont jug\u00e9 que Max Verstappen n\u2019\u00e9tait pas en tort lors<br \/>\nde son accrochage avec George Russell. Une d\u00e9cision r\u00e9v\u00e9l\u00e9e trop<br \/>\ntard, qui rend la p\u00e9nalit\u00e9 du N\u00e9erlandais encore plus am\u00e8re.<\/p>\n<p data-start=\"587\" data-end=\"1064\">Le d\u00e9part relanc\u00e9 du <a href=\"https:\/\/f1i.autojournal.fr\/grand-prix-f1\/grand-prix-despagne\/double-mclaren-10-points-davance-pour-oscar-piastri-alors-que-max-verstappen-craque\/\" target=\"_blank\" rel=\"noopener\"><br \/>\nGrand Prix d\u2019Espagne<\/a> a rapidement donn\u00e9 lieu \u00e0 une<br \/>\nconfrontation muscl\u00e9e entre Max Verstappen et George Russell. D\u00e8s<br \/>\nle premier virage, les deux pilotes sont entr\u00e9s en contact, for\u00e7ant<br \/>\nle quadruple champion du monde \u00e0 emprunter l\u2019\u00e9chappatoire. Il est<br \/>\nrevenu en piste devant la Mercedes, ce qui a pouss\u00e9 son \u00e9quipe \u00e0<br \/>\nlui demander de rendre la position. Mais selon le rapport officiel<br \/>\ndes commissaires sportifs de la FIA publi\u00e9 apr\u00e8s la course, cette<br \/>\nman\u0153uvre n\u2019\u00e9tait en r\u00e9alit\u00e9 pas sanctionnable.<\/p>\n<p data-start=\"1066\" data-end=\"1416\">Les commissaires ont analys\u00e9<br \/>\nles images de l\u2019incident et conclu que Verstappen n\u2019avait pas<br \/>\nquitt\u00e9 la piste de mani\u00e8re volontaire. Leur d\u00e9cision repose sur<br \/>\nl\u2019analyse suivante : Russell, en tentant de plonger \u00e0 l\u2019int\u00e9rieur,<br \/>\na momentan\u00e9ment perdu le contr\u00f4le de sa monoplace, ce qui a<br \/>\nprovoqu\u00e9 le contact et contraint Verstappen \u00e0 sortir large.<\/p>\n<p data-start=\"1066\" data-end=\"1416\">\u00ab\u00a0Le contact a \u00e9t\u00e9 provoqu\u00e9<br \/>\npar une perte de contr\u00f4le de la voiture n\u00b063, ce qui a forc\u00e9 la<br \/>\nvoiture n\u00b01 \u00e0 sortir de piste, indique le communiqu\u00e9. D\u00e8s<br \/>\nlors que le pilote Red Bull n\u2019a pas quitt\u00e9 volontairement la piste<br \/>\npour en tirer un avantage, aucune action n\u2019est<br \/>\nn\u00e9cessaire.\u00a0\u00bb<\/p>\n<p>Red Bull a agi par prudence\u2026<br \/>\n\u00e0 ses d\u00e9pens<\/p>\n<p data-start=\"1755\" data-end=\"2161\">Cette d\u00e9cision post\u00e9rieure \u00e0<br \/>\nl\u2019incident ne fait que renforcer l\u2019ironie de la situation. Pensant<br \/>\n\u00e9viter une potentielle sanction, Red Bull a pr\u00e9f\u00e9r\u00e9 la prudence en<br \/>\ndemandant \u00e0 Verstappen de rendre la position. C\u2019est \u00e0 ce moment-l\u00e0<br \/>\nque le N\u00e9erlandais, visiblement agac\u00e9, a adress\u00e9 un geste d\u2019humeur<br \/>\n\u00e0 Russell <a href=\"https:\/\/f1i.autojournal.fr\/infos\/breaking-news\/max-verstappen-frole-la-suspension-trois-points-de-penalite-apres-son-accrochage-avec-russell\/\" target=\"_blank\" rel=\"noopener\"><br \/>\nen lui rendant la place avec v\u00e9h\u00e9mence<\/a> \u2013 un comportement qui a<br \/>\n\u00e9t\u00e9 jug\u00e9 dangereux par les officiels de la FIA.<\/p>\n<p data-start=\"2163\" data-end=\"2508\">R\u00e9sultat : Max Verstappen a<br \/>\n\u00e9cop\u00e9 d\u2019une p\u00e9nalit\u00e9 pour conduite anti-sportive, ce qui a<br \/>\ncompromis sa fin de course et l\u2019a rel\u00e9gu\u00e9 \u00e0 une modeste dixi\u00e8me<br \/>\nplace \u00e0 l\u2019arriv\u00e9e. Un sc\u00e9nario d\u2019autant plus frustrant que, si<br \/>\nl\u2019\u00e9quipe avait eu connaissance de la d\u00e9cision des commissaires \u00e0<br \/>\ntemps, le pilote Red Bull n\u2019aurait jamais eu \u00e0 rendre sa<br \/>\nposition.<\/p>\n","protected":false},"excerpt":{"rendered":"Apr\u00e8s enqu\u00eate, les commissaires du Grand Prix d\u2019Espagne ont jug\u00e9 que Max Verstappen n\u2019\u00e9tait pas en tort lors&hellip;\n","protected":false},"author":2,"featured_media":145991,"comment_status":"","ping_status":"","sticky":false,"template":"","format":"standard","meta":{"footnotes":""},"categories":[9],"tags":[1011,27,9124,14891,2236,4320,2255,60],"class_list":{"0":"post-145990","1":"post","2":"type-post","3":"status-publish","4":"format-standard","5":"has-post-thumbnail","7":"category-sports","8":"tag-fr","9":"tag-france","10":"tag-george-russell","11":"tag-grand-prix-despagne","12":"tag-max-verstappen","13":"tag-mercedes","14":"tag-red-bull","15":"tag-sports"},"share_on_mastodon":{"url":"https:\/\/pubeurope.com\/@fr\/114612905163870830","error":""},"_links":{"self":[{"href":"https:\/\/www.europesays.com\/fr\/wp-json\/wp\/v2\/posts\/145990","targetHints":{"allow":["GET"]}}],"collection":[{"href":"https:\/\/www.europesays.com\/fr\/wp-json\/wp\/v2\/posts"}],"about":[{"href":"https:\/\/www.europesays.com\/fr\/wp-json\/wp\/v2\/types\/post"}],"author":[{"embeddable":true,"href":"https:\/\/www.europesays.com\/fr\/wp-json\/wp\/v2\/users\/2"}],"replies":[{"embeddable":true,"href":"https:\/\/www.europesays.com\/fr\/wp-json\/wp\/v2\/comments?post=145990"}],"version-history":[{"count":0,"href":"https:\/\/www.europesays.com\/fr\/wp-json\/wp\/v2\/posts\/145990\/revisions"}],"wp:featuredmedia":[{"embeddable":true,"href":"https:\/\/www.europesays.com\/fr\/wp-json\/wp\/v2\/media\/145991"}],"wp:attachment":[{"href":"https:\/\/www.europesays.com\/fr\/wp-json\/wp\/v2\/media?parent=145990"}],"wp:term":[{"taxonomy":"category","embeddable":true,"href":"https:\/\/www.europesays.com\/fr\/wp-json\/wp\/v2\/categories?post=145990"},{"taxonomy":"post_tag","embeddable":true,"href":"https:\/\/www.europesays.com\/fr\/wp-json\/wp\/v2\/tags?post=145990"}],"curies":[{"name":"wp","href":"https:\/\/api.w.org\/{rel}","templated":true}]}}