{"id":146005,"date":"2025-06-02T08:55:12","date_gmt":"2025-06-02T08:55:12","guid":{"rendered":"https:\/\/www.europesays.com\/fr\/146005\/"},"modified":"2025-06-02T08:55:12","modified_gmt":"2025-06-02T08:55:12","slug":"saint-etienne-marche-de-gros-vers-un-contentieux-entre-atrium-et-la-ville","status":"publish","type":"post","link":"https:\/\/www.europesays.com\/fr\/146005\/","title":{"rendered":"Saint-Etienne. March\u00e9 de gros, vers un contentieux entre Atrium et la Ville"},"content":{"rendered":"<p><img loading=\"lazy\" decoding=\"async\" alt=\"\u00a9 Denis Meynard - Les travaux pr\u00e9vus par Atrium sur le site du march\u00e9 de gros de Saint-Etienne n\u2019ont pas d\u00e9but\u00e9.\" data-zoom-src=\"https:\/\/www.europesays.com\/fr\/wp-content\/uploads\/2025\/06\/initial-marche-de-gros-2025.jpg\" data-zoomable=\"\" height=\"702\" src=\"https:\/\/www.europesays.com\/fr\/wp-content\/uploads\/2025\/06\/initial-marche-de-gros-2025.jpg\" width=\"1248\"\/>  <\/p>\n<p class=\"article-desc\">\u00a9 Denis Meynard &#8211; Les travaux pr\u00e9vus par Atrium sur le site du march\u00e9 de gros de Saint-Etienne n\u2019ont pas d\u00e9but\u00e9. <\/p>\n<p>L\u2019ambitieuse <strong>reconstruction-extension<\/strong> du <strong>march\u00e9 de gros<\/strong> de fruits et l\u00e9gumes de <strong>Saint-\u00c9tienne<\/strong> <a href=\"https:\/\/mesinfos.fr\/auvergne-rhone-alpes\/le-marche-de-gros-veut-devenir-un-petit-rungis-86346.html\" rel=\"noopener\" target=\"_blank\">annonc\u00e9e \u00e0 l\u2019\u00e9t\u00e9 2019<\/a> n\u2019a finalement pas vu le jour. La municipalit\u00e9 vient donc de faire annuler la vente du site et envisage un nouveau projet. <\/p>\n<p>l\u2019\u00e9poque, elle avait indiqu\u00e9 interrompre la<strong> d\u00e9l\u00e9gation de service public <\/strong>avec la SMG concernant l\u2019\u00e9quipement ouvert en 1972 pour en confier sa gestion au promoteur immobilier st\u00e9phanois <strong>Atrium<\/strong>, via sa filiale Green Market. <\/p>\n<p>L\u2019investissement annonc\u00e9 par le promoteur \u00e9tait de 24 millions pour le march\u00e9 de gros de Saint-\u00c9tienne <\/p>\n<p>Le projet con\u00e7u avec l\u2019architecte Dominique Berger pr\u00e9voyait un investissement de <strong>24 millions d\u2019euros<\/strong> pour construire de<strong> six halles<\/strong> (contre une actuellement) quatre s\u00e8ches et deux r\u00e9frig\u00e9r\u00e9es de 4 000 m\u00e8tres carr\u00e9s, ainsi qu\u2019un restaurant ouvert au public.<\/p>\n<p>Par ailleurs, l\u2019activit\u00e9 devait \u00eatre \u00e9tendue \u00e0 d\u2019autres denr\u00e9es (viandes, fromages, poissons), ainsi qu\u2019aux fleurs et \u00e0 des activ\u00e9s connexes telles que les v\u00eatements de travail, le mat\u00e9riel de restauration ou le mobilier de cuisine. <\/p>\n<p>Ainsi redimensionn\u00e9, ce \u00ab\u00a0mini-Rungis\u00a0\u00bb devait tripler sous cinq ans son <strong>chiffre d\u2019affaires de 25 millions d\u2019euros<\/strong>, avec un effectif passant de 100 \u00e0 plus de 250 personnes. Mais Atrium, qui a sign\u00e9 l\u2019achat du site pour 3,2 millions \u00ab\u00a0dix jours avant le d\u00e9but du 1er confinement de mars 2020\u00a0\u00bb, souligne son pr\u00e9sident S\u00e9bastien Barth\u00e9l\u00e9my, n\u2019est pas parvenu \u00e0 boucler le projet qui devait permettre l\u2019installation de plus d\u2019une vingtaine de professionnels.<\/p>\n<p> Un \u00e9chec dont les responsabilit\u00e9s sont partag\u00e9es <\/p>\n<p>\u00ab\u00a0C\u2019est un dossier complexe, les responsabilit\u00e9s de cet \u00e9chec sont partag\u00e9es car le contexte \u00e9conomique a chang\u00e9\u00a0\u00bb, r\u00e9agit-il aujourd\u2019hui, \u00e9voquant l\u2019<strong>ouverture d\u2019un contentieux<\/strong> avec la municipalit\u00e9 pour<strong> contester l&rsquo;annulation unilat\u00e9rale<\/strong> de la vente r\u00e9alis\u00e9e voici cinq ans. <\/p>\n<p>Contact\u00e9e, la Ville de Saint-\u00c9tienne a indiqu\u00e9 qu&rsquo;elle s&rsquo;exprimerait sur le sujet \u00e0 l&rsquo;occasion du conseil municipal de ce lundi 2 juin.<\/p>\n","protected":false},"excerpt":{"rendered":"\u00a9 Denis Meynard &#8211; Les travaux pr\u00e9vus par Atrium sur le site du march\u00e9 de gros de Saint-Etienne&hellip;\n","protected":false},"author":2,"featured_media":146006,"comment_status":"","ping_status":"","sticky":false,"template":"","format":"standard","meta":{"footnotes":""},"categories":[9653],"tags":[1111,11,5825,8853,2430,7227,1777,674,1011,27,12,25,4001,9893],"class_list":{"0":"post-146005","1":"post","2":"type-post","3":"status-publish","4":"format-standard","5":"has-post-thumbnail","7":"category-saint-etienne","8":"tag-actu","9":"tag-actualites","10":"tag-agroalimentaire","11":"tag-amu00e9nagement","12":"tag-auvergne-rhone-alpes","13":"tag-commerces","14":"tag-eu","15":"tag-europe","16":"tag-fr","17":"tag-france","18":"tag-news","19":"tag-republique-francaise","20":"tag-saint-etienne","21":"tag-saint-etienne-mu00e9tropole"},"share_on_mastodon":{"url":"https:\/\/pubeurope.com\/@fr\/114612936587766747","error":""},"_links":{"self":[{"href":"https:\/\/www.europesays.com\/fr\/wp-json\/wp\/v2\/posts\/146005","targetHints":{"allow":["GET"]}}],"collection":[{"href":"https:\/\/www.europesays.com\/fr\/wp-json\/wp\/v2\/posts"}],"about":[{"href":"https:\/\/www.europesays.com\/fr\/wp-json\/wp\/v2\/types\/post"}],"author":[{"embeddable":true,"href":"https:\/\/www.europesays.com\/fr\/wp-json\/wp\/v2\/users\/2"}],"replies":[{"embeddable":true,"href":"https:\/\/www.europesays.com\/fr\/wp-json\/wp\/v2\/comments?post=146005"}],"version-history":[{"count":0,"href":"https:\/\/www.europesays.com\/fr\/wp-json\/wp\/v2\/posts\/146005\/revisions"}],"wp:featuredmedia":[{"embeddable":true,"href":"https:\/\/www.europesays.com\/fr\/wp-json\/wp\/v2\/media\/146006"}],"wp:attachment":[{"href":"https:\/\/www.europesays.com\/fr\/wp-json\/wp\/v2\/media?parent=146005"}],"wp:term":[{"taxonomy":"category","embeddable":true,"href":"https:\/\/www.europesays.com\/fr\/wp-json\/wp\/v2\/categories?post=146005"},{"taxonomy":"post_tag","embeddable":true,"href":"https:\/\/www.europesays.com\/fr\/wp-json\/wp\/v2\/tags?post=146005"}],"curies":[{"name":"wp","href":"https:\/\/api.w.org\/{rel}","templated":true}]}}