{"id":146007,"date":"2025-06-02T08:57:25","date_gmt":"2025-06-02T08:57:25","guid":{"rendered":"https:\/\/www.europesays.com\/fr\/146007\/"},"modified":"2025-06-02T08:57:25","modified_gmt":"2025-06-02T08:57:25","slug":"lorraine-la-cinquantaine-dun-ancien-de-lasnl-le-debut-de-la-deuxieme-semaine-de-roland-garros-a-la-tele-bienvenue-au-cafe-des-sports","status":"publish","type":"post","link":"https:\/\/www.europesays.com\/fr\/146007\/","title":{"rendered":"Lorraine. La cinquantaine d\u2019un ancien de l\u2019ASNL, le d\u00e9but de la deuxi\u00e8me semaine de Roland-Garros \u00e0 la t\u00e9l\u00e9&#8230; Bienvenue au caf\u00e9 des sports"},"content":{"rendered":"<p>  Joyeux anniversaire<\/p>\n<p>Ce lundi, on souhaite un joyeux anniversaire \u00e0 <a href=\"https:\/\/www.estrepublicain.fr\/sport\/2022\/01\/18\/aviez-vous-reconnu-l-ancien-joueur-de-l-as-nancy-lorraine-sebastien-schemmel\" target=\"_blank\" rel=\"noopener\">S\u00e9bastien Schemmel<\/a> , ancien footballeur pass\u00e9 par l\u2019ASNL o\u00f9 il a termin\u00e9 d\u2019ailleurs sa carri\u00e8re. Il f\u00eate ses 50 ans, tout pile.<\/p>\n<p>  Sur le web<\/p>\n<p>Sur notre site internet, retrouvez notamment quelques diaporamas de foot pour les derni\u00e8res journ\u00e9es de R\u00e9gional 2.<\/p>\n<p>  \u00c0 la t\u00e9l\u00e9<\/p>\n<p>Tennis. Roland-Garros sur France Tv (\u00e0 partir de 11h)<\/p>\n<p>Multisports. \u00c9lection Pr\u00e9sidence CNOSF, grand oral des candidats sur Sport en France (18h)<\/p>\n","protected":false},"excerpt":{"rendered":"Joyeux anniversaire Ce lundi, on souhaite un joyeux anniversaire \u00e0 S\u00e9bastien Schemmel , ancien footballeur pass\u00e9 par l\u2019ASNL&hellip;\n","protected":false},"author":2,"featured_media":146008,"comment_status":"","ping_status":"","sticky":false,"template":"","format":"standard","meta":{"footnotes":""},"categories":[9635],"tags":[1111,11,1704,1777,674,63,1011,27,775,1702,1703,12,25,517,1700],"class_list":{"0":"post-146007","1":"post","2":"type-post","3":"status-publish","4":"format-standard","5":"has-post-thumbnail","7":"category-nancy","8":"tag-actu","9":"tag-actualites","10":"tag-edition-nancy-et-agglomeration","11":"tag-eu","12":"tag-europe","13":"tag-football","14":"tag-fr","15":"tag-france","16":"tag-grand-est","17":"tag-nancy","18":"tag-nancy-ville-54b","19":"tag-news","20":"tag-republique-francaise","21":"tag-sport","22":"tag-sport-lorrain"},"share_on_mastodon":{"url":"https:\/\/pubeurope.com\/@fr\/114612944497102906","error":""},"_links":{"self":[{"href":"https:\/\/www.europesays.com\/fr\/wp-json\/wp\/v2\/posts\/146007","targetHints":{"allow":["GET"]}}],"collection":[{"href":"https:\/\/www.europesays.com\/fr\/wp-json\/wp\/v2\/posts"}],"about":[{"href":"https:\/\/www.europesays.com\/fr\/wp-json\/wp\/v2\/types\/post"}],"author":[{"embeddable":true,"href":"https:\/\/www.europesays.com\/fr\/wp-json\/wp\/v2\/users\/2"}],"replies":[{"embeddable":true,"href":"https:\/\/www.europesays.com\/fr\/wp-json\/wp\/v2\/comments?post=146007"}],"version-history":[{"count":0,"href":"https:\/\/www.europesays.com\/fr\/wp-json\/wp\/v2\/posts\/146007\/revisions"}],"wp:featuredmedia":[{"embeddable":true,"href":"https:\/\/www.europesays.com\/fr\/wp-json\/wp\/v2\/media\/146008"}],"wp:attachment":[{"href":"https:\/\/www.europesays.com\/fr\/wp-json\/wp\/v2\/media?parent=146007"}],"wp:term":[{"taxonomy":"category","embeddable":true,"href":"https:\/\/www.europesays.com\/fr\/wp-json\/wp\/v2\/categories?post=146007"},{"taxonomy":"post_tag","embeddable":true,"href":"https:\/\/www.europesays.com\/fr\/wp-json\/wp\/v2\/tags?post=146007"}],"curies":[{"name":"wp","href":"https:\/\/api.w.org\/{rel}","templated":true}]}}