{"id":14601,"date":"2025-04-10T09:24:08","date_gmt":"2025-04-10T09:24:08","guid":{"rendered":"https:\/\/www.europesays.com\/fr\/14601\/"},"modified":"2025-04-10T09:24:08","modified_gmt":"2025-04-10T09:24:08","slug":"un-revirement-complet-a-prevoir-dans-le-ciel-a-partir-de-ce-week-end","status":"publish","type":"post","link":"https:\/\/www.europesays.com\/fr\/14601\/","title":{"rendered":"un revirement complet \u00e0 pr\u00e9voir dans le ciel \u00e0 partir de ce week-end"},"content":{"rendered":"<p>            Par<br \/>\n        <strong><br \/>\n            <a href=\"https:\/\/actu.fr\/auteur\/redaction-paris\" title=\"Consulter tous les articles de R\u00e9daction Paris\" rel=\"nofollow noopener\" target=\"_blank\">R\u00e9daction Paris<\/a><br \/>\n        <\/strong><\/p>\n<p>        Publi\u00e9 le<\/p>\n<p>            10 avr. 2025 \u00e0 9h43        <\/p>\n<p>On avait fini par croire qu\u2019il ne partirait plus jamais et que <a href=\"https:\/\/actu.fr\/ile-de-france\/paris_75056\/cette-rue-est-un-continuum-de-terrasses-a-paris-le-retour-des-terrasses-estivales-excede-les-riverains_62488282.html\" rel=\"nofollow noopener\" target=\"_blank\">les verres en terrasses<\/a> dureraient toujours. H\u00e9las, le soleil devrait d\u00e9laisser Paris et l\u2019\u00cele-de-France d\u00e8s samedi 12\u00a0avril 2025 en raison de la <strong>fin d\u2019un blocage anticyclonique<\/strong> qui nous apportait depuis plusieurs jours une <a href=\"https:\/\/actu.fr\/paris\/meteo\" rel=\"nofollow noopener\" target=\"_blank\">m\u00e9t\u00e9o<\/a> radieuse.<\/p>\n<p>Le retour des nuages<\/p>\n<p class=\" wall-content\">Ce jeudi 10\u00a0avril 2025, le ciel sera bleu et le temps \u00ab\u2009sec et bien ensoleill\u00e9\u2009\u00bb, pr\u00e9voit <a href=\"https:\/\/actu.fr\/tag\/meteo-france\" rel=\"nofollow noopener\" target=\"_blank\">M\u00e9t\u00e9o France<\/a>. Le mercure atteindra 17\u00b0C dans l\u2019apr\u00e8s-midi.\u00a0Le lendemain, vendredi 11\u00a0avril 2025, m\u00eame m\u00e9t\u00e9o\u2009: un soleil \u00ab\u2009g\u00e9n\u00e9reux\u2009\u00bb et un ciel bleu \u00ab\u2009pr\u00e9dominent\u2009\u00bb.\u00a0Il fera plus chaud que la veille avec des temp\u00e9ratures qui oscilleront entre <strong>8\u00b0C<\/strong> et<strong> 19\u00b0C<\/strong>.<\/p>\n<p class=\" wall-content\">Mais c\u2019est donc samedi 12\u00a0avril 2025 que l\u2019air printanier va se stopper. Le jour se l\u00e8vera sous un \u00ab\u2009ciel voil\u00e9, devenant plus nuageux en d\u00e9but d\u2019apr\u00e8s-midi\u2009\u00bb. Le reste de la journ\u00e9e ne sera pas forc\u00e9ment plus radieux et les nuages se feront plus denses. Cependant, il fera doux\u2009: entre <strong>10\u00b0C<\/strong> le matin et <strong>23\u00b0C<\/strong> dans l\u2019apr\u00e8s-midi.<\/p>\n<p class=\" wall-content\">Dimanche 13\u00a0avril 2025, jour du marathon de Paris, les coureurs devront composer avec un \u00ab\u2009temps tr\u00e8s nuageux\u2009\u00bb et \u00ab\u2009de petites pluies\u2009\u00bb d\u00e8s midi. Des pr\u00e9cipitations qui vont durer dans l\u2019apr\u00e8s-midi. Le mercure affichera <strong>13\u00b0C<\/strong> au minimum et <strong>20\u00b0C<\/strong> au maximum.<\/p>\n<p class=\" wall-content\">Suivez toute l\u2019actualit\u00e9 de vos villes et m\u00e9dias favoris en vous inscrivant \u00e0 <a href=\"https:\/\/moncompte.actu.fr\" title=\"D\u00e9couvez Mon Actu\" rel=\"nofollow noopener\" data-trk=\"{&quot;cta&quot;:{&quot;action&quot;:&quot;https:\\\/\\\/moncompte.actu.fr&quot;,&quot;category&quot;:&quot;mon compte&quot;,&quot;from&quot;:&quot;article footer&quot;,&quot;name&quot;:&quot;Mon actu&quot;,&quot;type&quot;:&quot;cta&quot;}}\" target=\"_blank\">Mon Actu<\/a>.<\/p>\n","protected":false},"excerpt":{"rendered":"Par R\u00e9daction Paris Publi\u00e9 le 10 avr. 2025 \u00e0 9h43 On avait fini par croire qu\u2019il ne partirait&hellip;\n","protected":false},"author":2,"featured_media":14602,"comment_status":"","ping_status":"","sticky":false,"template":"","format":"standard","meta":{"footnotes":""},"categories":[1592],"tags":[1111,11,1777,674,1011,27,662,2487,2357,12,626,25],"class_list":{"0":"post-14601","1":"post","2":"type-post","3":"status-publish","4":"format-standard","5":"has-post-thumbnail","7":"category-ile-de-france","8":"tag-actu","9":"tag-actualites","10":"tag-eu","11":"tag-europe","12":"tag-fr","13":"tag-france","14":"tag-ile-de-france","15":"tag-meteo","16":"tag-meteo-france","17":"tag-news","18":"tag-paris","19":"tag-republique-francaise"},"share_on_mastodon":{"url":"https:\/\/pubeurope.com\/@fr\/114312948211814950","error":""},"_links":{"self":[{"href":"https:\/\/www.europesays.com\/fr\/wp-json\/wp\/v2\/posts\/14601","targetHints":{"allow":["GET"]}}],"collection":[{"href":"https:\/\/www.europesays.com\/fr\/wp-json\/wp\/v2\/posts"}],"about":[{"href":"https:\/\/www.europesays.com\/fr\/wp-json\/wp\/v2\/types\/post"}],"author":[{"embeddable":true,"href":"https:\/\/www.europesays.com\/fr\/wp-json\/wp\/v2\/users\/2"}],"replies":[{"embeddable":true,"href":"https:\/\/www.europesays.com\/fr\/wp-json\/wp\/v2\/comments?post=14601"}],"version-history":[{"count":0,"href":"https:\/\/www.europesays.com\/fr\/wp-json\/wp\/v2\/posts\/14601\/revisions"}],"wp:featuredmedia":[{"embeddable":true,"href":"https:\/\/www.europesays.com\/fr\/wp-json\/wp\/v2\/media\/14602"}],"wp:attachment":[{"href":"https:\/\/www.europesays.com\/fr\/wp-json\/wp\/v2\/media?parent=14601"}],"wp:term":[{"taxonomy":"category","embeddable":true,"href":"https:\/\/www.europesays.com\/fr\/wp-json\/wp\/v2\/categories?post=14601"},{"taxonomy":"post_tag","embeddable":true,"href":"https:\/\/www.europesays.com\/fr\/wp-json\/wp\/v2\/tags?post=14601"}],"curies":[{"name":"wp","href":"https:\/\/api.w.org\/{rel}","templated":true}]}}