{"id":146023,"date":"2025-06-02T09:06:20","date_gmt":"2025-06-02T09:06:20","guid":{"rendered":"https:\/\/www.europesays.com\/fr\/146023\/"},"modified":"2025-06-02T09:06:20","modified_gmt":"2025-06-02T09:06:20","slug":"violences-affrontements-apres-la-victoire-du-psg-un-policier-rennais-place-dans-le-coma-artificiel","status":"publish","type":"post","link":"https:\/\/www.europesays.com\/fr\/146023\/","title":{"rendered":"Violences, affrontements\u2026 Apr\u00e8s la victoire du PSG, un policier rennais plac\u00e9 dans le coma artificiel"},"content":{"rendered":"<p>            Par<br \/>\n        <strong><br \/>\n            <a href=\"https:\/\/actu.fr\/auteur\/laurene-fertin\" title=\"Consulter tous les articles de Laur\u00e8ne Fertin\" rel=\"nofollow noopener\" target=\"_blank\">Laur\u00e8ne Fertin<\/a><br \/>\n        <\/strong><\/p>\n<p>        Publi\u00e9 le<\/p>\n<p>            2 juin 2025 \u00e0 8h55        <\/p>\n<p><a href=\"https:\/\/actu.fr\/ile-de-france\/paris_75056\/video-tour-eiffel-scintillee-feux-d-artifice-paris-fete-la-victoire-du-psg-en-ligue-des-champions_62712684.html\" rel=\"nofollow noopener\" target=\"_blank\">Apr\u00e8s la victoire historique du PSG face \u00e0 l\u2019Inter Milan<\/a>, avec 5 \u2013 0, <strong>des affrontements\u00a0violents<\/strong> ont \u00e9clat\u00e9 en marge du match, samedi 31 mai 2025. <strong>Deux personnes<\/strong> sont <strong>mortes<\/strong>\u2009: un mineur de <strong>17\u00a0ans,<\/strong> tu\u00e9 \u00e0 coups de couteau \u00e0 Dax (Landes) et un jeune homme d\u2019une vingtaine d\u2019ann\u00e9es, \u00e0 Paris.<\/p>\n<p class=\" wall-content\">Les violences ont \u00e9galement touch\u00e9 des <strong>sapeurs-pompiers<\/strong> et des <strong>policiers<\/strong>\u2009; parmi eux, un membre des forces de l\u2019ordre a \u00e9t\u00e9 plac\u00e9 dans le <strong>coma,<\/strong> rapportent nos confr\u00e8res de <a href=\"https:\/\/actu.fr\/normandie\/coutances_50147\/le-policier-grievement-blesse-dans-la-manche-a-ete-place-en-coma-artificiel_62713444.html\" rel=\"nofollow noopener\" target=\"_blank\">La Presse de la Manche<\/a>. Ce dernier est originaire de <strong>Rennes<\/strong>, a indiqu\u00e9 <a href=\"https:\/\/actu.fr\/faits-divers\/le-foot-ce-n-est-pas-ca-emmanuel-macron-condamne-fermement-les-violences-en-marge-du-sacre-du-psg_62714071.html\" rel=\"nofollow noopener\" target=\"_blank\">Emmanuel Macron, qui a condamn\u00e9 fermement les violences<\/a>.<\/p>\n<p>Un \u00e9tat \u00ab\u2009pr\u00e9occupant\u2009\u00bb<\/p>\n<p class=\" wall-content\">\u00ab\u2009Les affrontements violents qui se sont tenus sont inacceptables [\u2026] je pense aussi \u00e0 notre policier (\u00e0 Coutances) qui est en ce moment m\u00eame dans le coma et qui venait de Rennes<strong> en support de certains de ses coll\u00e8gues<\/strong>\u2009\u00bb, a affirm\u00e9 le pr\u00e9sident de la R\u00e9publique.<\/p>\n<p class=\" wall-content\">Le policier rennais, qui se trouvait sur la place du parvis de la cath\u00e9drale Notre-Dame, a \u00e9t\u00e9 touch\u00e9 par <strong>des tirs de mortier<\/strong>. Le procureur de la R\u00e9publique de Coutances, Gauthier Poupeau, qualifiait alors, dimanche 1er juin, l\u2019\u00e9tat de sant\u00e9 du policier de \u00ab\u2009<strong>pr\u00e9occupant<\/strong>\u2009\u00bb.<\/p>\n<p>Une enqu\u00eate ouverte<\/p>\n<p class=\" wall-content\">L\u2019homme, \u00e2g\u00e9 de <strong>40\u00a0ans<\/strong>, a \u00e9t\u00e9 transport\u00e9 au <strong>CHU de Caen<\/strong> (Calvados) au <strong>service de neurochirurgie<\/strong>. Toujours selon nos confr\u00e8res de La Presse de la Manche, celui-ci a \u00e9t\u00e9 <strong>op\u00e9r\u00e9<\/strong> apr\u00e8s avoir effectu\u00e9 un <strong>scanner.<\/strong><\/p>\n<p class=\" wall-content\">\n<p class=\" wall-content\"><strong>Le syndicat Alliance PN Ille-et-Vilaine 35<\/strong> a, \u00e9galement, condamn\u00e9 \u00ab\u2009fermement ces violences inacceptables\u2009\u00bb. \u00ab\u2009Que les auteurs soient retrouv\u00e9s et s\u00e9v\u00e8rement sanctionn\u00e9s\u2009!\u2009\u00bb, ont-ils conclu dans leur publication sur X.<\/p>\n<p>Vid\u00e9os : en ce moment sur Actu<\/p>\n<p class=\" wall-content\"><strong>Une enqu\u00eate<\/strong> en violences volontaires sur PDAP (personne d\u00e9positaire de l\u2019autorit\u00e9 publique) a \u00e9t\u00e9 <strong>ouverte.<\/strong><\/p>\n<p class=\" wall-content\">Suivez toute l\u2019actualit\u00e9 de vos villes et m\u00e9dias favoris en vous inscrivant \u00e0 <a href=\"https:\/\/moncompte.actu.fr\" title=\"D\u00e9couvez Mon Actu\" rel=\"nofollow noopener\" data-trk=\"{&quot;cta&quot;:{&quot;action&quot;:&quot;https:\\\/\\\/moncompte.actu.fr&quot;,&quot;category&quot;:&quot;mon compte&quot;,&quot;from&quot;:&quot;article footer&quot;,&quot;name&quot;:&quot;Mon actu&quot;,&quot;type&quot;:&quot;cta&quot;}}\" target=\"_blank\">Mon Actu<\/a>.<\/p>\n<ul class=\"ac-article-tag wall-content\">\n<li><a href=\"https:\/\/actu.fr\/tag\/paris-saint-germain-psg\" data-trk=\"{&quot;cta&quot;:{&quot;action&quot;:&quot;Paris Saint Germain (PSG)&quot;,&quot;category&quot;:&quot;tag&quot;,&quot;from&quot;:&quot;article footer&quot;,&quot;name&quot;:&quot;Paris Saint Germain (PSG)&quot;,&quot;type&quot;:&quot;cta&quot;}}\" rel=\"nofollow noopener\" target=\"_blank\">#Paris Saint Germain (PSG)<\/a><\/li>\n<li><a href=\"https:\/\/actu.fr\/tag\/police\" data-trk=\"{&quot;cta&quot;:{&quot;action&quot;:&quot;Police&quot;,&quot;category&quot;:&quot;tag&quot;,&quot;from&quot;:&quot;article footer&quot;,&quot;name&quot;:&quot;Police&quot;,&quot;type&quot;:&quot;cta&quot;}}\" rel=\"nofollow noopener\" target=\"_blank\">#Police<\/a><\/li>\n<\/ul>\n","protected":false},"excerpt":{"rendered":"Par Laur\u00e8ne Fertin Publi\u00e9 le 2 juin 2025 \u00e0 8h55 Apr\u00e8s la victoire historique du PSG face \u00e0&hellip;\n","protected":false},"author":2,"featured_media":146024,"comment_status":"","ping_status":"","sticky":false,"template":"","format":"standard","meta":{"footnotes":""},"categories":[2821],"tags":[1111,11,829,1777,674,118,1011,27,12,2332,1072,584,25],"class_list":{"0":"post-146023","1":"post","2":"type-post","3":"status-publish","4":"format-standard","5":"has-post-thumbnail","7":"category-rennes","8":"tag-actu","9":"tag-actualites","10":"tag-bretagne","11":"tag-eu","12":"tag-europe","13":"tag-faits-divers","14":"tag-fr","15":"tag-france","16":"tag-news","17":"tag-paris-saint-germain-psg","18":"tag-police","19":"tag-rennes","20":"tag-republique-francaise"},"share_on_mastodon":{"url":"https:\/\/pubeurope.com\/@fr\/114612979881631017","error":""},"_links":{"self":[{"href":"https:\/\/www.europesays.com\/fr\/wp-json\/wp\/v2\/posts\/146023","targetHints":{"allow":["GET"]}}],"collection":[{"href":"https:\/\/www.europesays.com\/fr\/wp-json\/wp\/v2\/posts"}],"about":[{"href":"https:\/\/www.europesays.com\/fr\/wp-json\/wp\/v2\/types\/post"}],"author":[{"embeddable":true,"href":"https:\/\/www.europesays.com\/fr\/wp-json\/wp\/v2\/users\/2"}],"replies":[{"embeddable":true,"href":"https:\/\/www.europesays.com\/fr\/wp-json\/wp\/v2\/comments?post=146023"}],"version-history":[{"count":0,"href":"https:\/\/www.europesays.com\/fr\/wp-json\/wp\/v2\/posts\/146023\/revisions"}],"wp:featuredmedia":[{"embeddable":true,"href":"https:\/\/www.europesays.com\/fr\/wp-json\/wp\/v2\/media\/146024"}],"wp:attachment":[{"href":"https:\/\/www.europesays.com\/fr\/wp-json\/wp\/v2\/media?parent=146023"}],"wp:term":[{"taxonomy":"category","embeddable":true,"href":"https:\/\/www.europesays.com\/fr\/wp-json\/wp\/v2\/categories?post=146023"},{"taxonomy":"post_tag","embeddable":true,"href":"https:\/\/www.europesays.com\/fr\/wp-json\/wp\/v2\/tags?post=146023"}],"curies":[{"name":"wp","href":"https:\/\/api.w.org\/{rel}","templated":true}]}}