{"id":14603,"date":"2025-04-10T09:25:08","date_gmt":"2025-04-10T09:25:08","guid":{"rendered":"https:\/\/www.europesays.com\/fr\/14603\/"},"modified":"2025-04-10T09:25:08","modified_gmt":"2025-04-10T09:25:08","slug":"ile-de-france-davantage-de-quartiers-pauvres-en-2024-selon-une-etude","status":"publish","type":"post","link":"https:\/\/www.europesays.com\/fr\/14603\/","title":{"rendered":"\u00cele-de-France\u00a0: davantage de quartiers pauvres en 2024, selon une \u00e9tude"},"content":{"rendered":"<p class=\"paragraph text_align_left\">Avec 1,7\u00a0million d\u2019habitants situ\u00e9s dans les quartiers prioritaires en 2024, soit un Francilien sur sept et 32\u00a0% des habitants des <a href=\"https:\/\/www.leparisien.fr\/info-paris-ile-de-france-oise\/\" target=\"_blank\" rel=\"nofollow noopener\">quartiers prioritaires de la politique de la ville<\/a> (QPV) de France m\u00e9tropolitaine, l\u2019<a href=\"https:\/\/www.leparisien.fr\/info-paris-ile-de-france-oise\/\" target=\"_blank\" rel=\"nofollow noopener\">\u00cele-de-France<\/a> est la r\u00e9gion la plus concern\u00e9e par la politique de la ville et ses \u00ab\u00a0\u00eelots\u00a0\u00bb qui font l\u2019objet d\u2019investissements renforc\u00e9s en mati\u00e8re d\u2019\u00e9ducation, de culture, de sant\u00e9, d\u2019emploi ou de logement.<\/p>\n<p class=\"paragraph text_align_left\">En 2024, elle compte 298 quartiers prioritaires selon la g\u00e9ographie actualis\u00e9e, contre 272 en 2015, tandis que la part des habitants de QPV s\u2019est davantage renforc\u00e9e en \u00cele-de-France qu\u2019en province.<\/p>\n<p class=\"paragraph text_align_left\">Cette progression est \u00ab\u00a0la plus forte dans les quatre d\u00e9partements d\u00e9j\u00e0 les plus concern\u00e9s, signe d\u2019une polarisation des espaces les plus pauvres\u00a0\u00bb, notamment en Seine-Saint-Denis, constate l\u2019Institut Paris r\u00e9gion dans son \u00e9tude publi\u00e9e mercredi 10\u00a0avril.<\/p>\n<p class=\"paragraph text_align_left\">Dans certaines communes, plus de 80\u00a0% de la population est en g\u00e9ographie prioritaire, comme Aubervilliers (90\u00a0%), La\u00a0Courneuve (88\u00a0%) ou Grigny (86\u00a0%).<\/p>\n<p>Gentrification des villes limitrophes de Paris<\/p>\n<p class=\"paragraph text_align_left\">\u00ab\u00a0La nouvelle g\u00e9ographie prioritaire traduit la paup\u00e9risation d\u2019importants secteurs urbains, mais aussi des effets de valorisation, \u00e0 proximit\u00e9 de Paris, dans les sites les mieux desservis et dans les projets d\u2019am\u00e9nagement impliquant une diversification de l\u2019offre de logements avec un rench\u00e9rissement des prix\u00a0\u00bb, rel\u00e8vent les deux auteurs.<\/p>\n<p class=\"paragraph text_align_left\">Parmi les facteurs explicatifs, \u00ab\u00a0<a href=\"https:\/\/www.leparisien.fr\/immobilier\/immobilier-les-gares-du-grand-paris-express-continuent-de-doper-les-prix-30-08-2021-5NKOWRDMGNCQDKYE73TT23VVNI.php#:~:text=Ici%2C%20les%20prix%20moyens%20au,pas%20longtemps%20sur%20le%20march%C3%A9.\" target=\"_blank\" rel=\"nofollow noopener\">l\u2019inaccessibilit\u00e9 du logement<\/a>\u00a0\u00bb mais aussi la \u00ab\u00a0gentrification des <a href=\"https:\/\/www.leparisien.fr\/seine-saint-denis-93\/barometre-de-limmobilier-a-saint-ouen-les-appartements-passent-la-barre-des-7000-euros-le-metre-carre-08-04-2022-2UNZIQME2REYJDM3SLKBXUSSJE.php\" target=\"_blank\" rel=\"nofollow noopener\">communes limitrophes de Paris<\/a>\u00a0\u00bb, avec l\u2019arriv\u00e9e du <a href=\"https:\/\/www.leparisien.fr\/seine-saint-denis-93\/grand-paris-express-expropriations-relogements-forces-la-face-cachee-du-chantier-du-siecle-20-03-2024-SJJM74D3IRBODGLWUWNKBRRFHU.php\" target=\"_blank\" rel=\"nofollow noopener\">Grand Paris Express<\/a> et ses quatre nouvelles lignes de m\u00e9tro automatique.<\/p>\n<p class=\"paragraph text_align_left\">Les QPV franciliens accueillent une population globalement \u00ab\u00a0plus active, plus dipl\u00f4m\u00e9e, plus familiale et plus immigr\u00e9e\u00a0\u00bb que dans les autres r\u00e9gions, et les logements y sont davantage suroccup\u00e9s. \u00c0 noter aussi des m\u00e9nages \u00ab\u00a0seuls et \u00e2g\u00e9s plus fr\u00e9quents \u00e0 Paris\u00a0\u00bb et un profil \u00ab\u00a0plus jeune et familial en Seine-Saint-Denis\u00a0\u00bb.<\/p>\n<p class=\"paragraph text_align_left\">L\u2019installation de m\u00e9nages aux revenus plus \u00e9lev\u00e9s et la baisse de la population constituent les deux principaux facteurs de sortie de la politique de la ville.<\/p>\n<p class=\"paragraph text_align_left\">L\u2019impact des programmes de renouvellement urbain, avec ses op\u00e9rations de d\u00e9molition reconstruction de grands ensembles et de diversification de l\u2019habitat, est \u00e9galement jug\u00e9 \u00ab\u00a0manifeste\u00a0\u00bb. En revanche, des zones pavillonnaires \u00ab\u00a0fortement pr\u00e9caris\u00e9es\u00a0\u00bb sont situ\u00e9es hors QPV faute de densit\u00e9 de population suffisante.<\/p>\n","protected":false},"excerpt":{"rendered":"Avec 1,7\u00a0million d\u2019habitants situ\u00e9s dans les quartiers prioritaires en 2024, soit un Francilien sur sept et 32\u00a0% des&hellip;\n","protected":false},"author":2,"featured_media":14604,"comment_status":"","ping_status":"","sticky":false,"template":"","format":"standard","meta":{"footnotes":""},"categories":[1592],"tags":[1111,11,1777,674,1011,27,662,1944,12,626,25],"class_list":{"0":"post-14603","1":"post","2":"type-post","3":"status-publish","4":"format-standard","5":"has-post-thumbnail","7":"category-ile-de-france","8":"tag-actu","9":"tag-actualites","10":"tag-eu","11":"tag-europe","12":"tag-fr","13":"tag-france","14":"tag-ile-de-france","15":"tag-ma-ville","16":"tag-news","17":"tag-paris","18":"tag-republique-francaise"},"share_on_mastodon":{"url":"https:\/\/pubeurope.com\/@fr\/114312952209191201","error":""},"_links":{"self":[{"href":"https:\/\/www.europesays.com\/fr\/wp-json\/wp\/v2\/posts\/14603","targetHints":{"allow":["GET"]}}],"collection":[{"href":"https:\/\/www.europesays.com\/fr\/wp-json\/wp\/v2\/posts"}],"about":[{"href":"https:\/\/www.europesays.com\/fr\/wp-json\/wp\/v2\/types\/post"}],"author":[{"embeddable":true,"href":"https:\/\/www.europesays.com\/fr\/wp-json\/wp\/v2\/users\/2"}],"replies":[{"embeddable":true,"href":"https:\/\/www.europesays.com\/fr\/wp-json\/wp\/v2\/comments?post=14603"}],"version-history":[{"count":0,"href":"https:\/\/www.europesays.com\/fr\/wp-json\/wp\/v2\/posts\/14603\/revisions"}],"wp:featuredmedia":[{"embeddable":true,"href":"https:\/\/www.europesays.com\/fr\/wp-json\/wp\/v2\/media\/14604"}],"wp:attachment":[{"href":"https:\/\/www.europesays.com\/fr\/wp-json\/wp\/v2\/media?parent=14603"}],"wp:term":[{"taxonomy":"category","embeddable":true,"href":"https:\/\/www.europesays.com\/fr\/wp-json\/wp\/v2\/categories?post=14603"},{"taxonomy":"post_tag","embeddable":true,"href":"https:\/\/www.europesays.com\/fr\/wp-json\/wp\/v2\/tags?post=14603"}],"curies":[{"name":"wp","href":"https:\/\/api.w.org\/{rel}","templated":true}]}}