{"id":146030,"date":"2025-06-02T09:10:10","date_gmt":"2025-06-02T09:10:10","guid":{"rendered":"https:\/\/www.europesays.com\/fr\/146030\/"},"modified":"2025-06-02T09:10:10","modified_gmt":"2025-06-02T09:10:10","slug":"un-vehicule-en-feu-dans-un-tunnel-sur-la8-ce-lundi-matin-la-circulation-totalement-interrompue","status":"publish","type":"post","link":"https:\/\/www.europesays.com\/fr\/146030\/","title":{"rendered":"Un v\u00e9hicule en feu dans un tunnel sur l&rsquo;A8 ce lundi matin, la circulation totalement interrompue"},"content":{"rendered":"<p>C&rsquo;est compliqu\u00e9 ce lundi matin sur l&rsquo;A8 en direction de l&rsquo;Italie. Une voiture a pris feu sous le tunnel routier de la Borne Romaine\u00a0situ\u00e9 entre les diffuseurs de Nice-Est (55) et de Monaco (56).\u00a0<\/p>\n<p>Un p\u00e9rim\u00e8tre de s\u00e9curit\u00e9 a \u00e9t\u00e9 mis en place et les automobilistes doivent emprunter la sortie n\u00b055 Nice-centre, tandis que plusieurs entr\u00e9es (Nice Saint-Isidore, Nice-nord, Nice-est) ont \u00e9t\u00e9 coup\u00e9es afin d&rsquo;\u00e9viter davantage de bouchons.\u00a0<\/p>\n<p>Les pompiers, ainsi que la gendarmerie sont sur place.<\/p>\n<p>L&rsquo;incendie a \u00e9t\u00e9 ma\u00eetris\u00e9.\u00a0<\/p>\n","protected":false},"excerpt":{"rendered":"C&rsquo;est compliqu\u00e9 ce lundi matin sur l&rsquo;A8 en direction de l&rsquo;Italie. Une voiture a pris feu sous le&hellip;\n","protected":false},"author":2,"featured_media":146031,"comment_status":"","ping_status":"","sticky":false,"template":"","format":"standard","meta":{"footnotes":""},"categories":[2819],"tags":[1111,11,1777,674,1011,27,803,12,2401,882,25],"class_list":{"0":"post-146030","1":"post","2":"type-post","3":"status-publish","4":"format-standard","5":"has-post-thumbnail","7":"category-nice","8":"tag-actu","9":"tag-actualites","10":"tag-eu","11":"tag-europe","12":"tag-fr","13":"tag-france","14":"tag-info-trafic","15":"tag-news","16":"tag-nice","17":"tag-provence-alpes-cote-dazur","18":"tag-republique-francaise"},"share_on_mastodon":{"url":"https:\/\/pubeurope.com\/@fr\/114612995699654547","error":""},"_links":{"self":[{"href":"https:\/\/www.europesays.com\/fr\/wp-json\/wp\/v2\/posts\/146030","targetHints":{"allow":["GET"]}}],"collection":[{"href":"https:\/\/www.europesays.com\/fr\/wp-json\/wp\/v2\/posts"}],"about":[{"href":"https:\/\/www.europesays.com\/fr\/wp-json\/wp\/v2\/types\/post"}],"author":[{"embeddable":true,"href":"https:\/\/www.europesays.com\/fr\/wp-json\/wp\/v2\/users\/2"}],"replies":[{"embeddable":true,"href":"https:\/\/www.europesays.com\/fr\/wp-json\/wp\/v2\/comments?post=146030"}],"version-history":[{"count":0,"href":"https:\/\/www.europesays.com\/fr\/wp-json\/wp\/v2\/posts\/146030\/revisions"}],"wp:featuredmedia":[{"embeddable":true,"href":"https:\/\/www.europesays.com\/fr\/wp-json\/wp\/v2\/media\/146031"}],"wp:attachment":[{"href":"https:\/\/www.europesays.com\/fr\/wp-json\/wp\/v2\/media?parent=146030"}],"wp:term":[{"taxonomy":"category","embeddable":true,"href":"https:\/\/www.europesays.com\/fr\/wp-json\/wp\/v2\/categories?post=146030"},{"taxonomy":"post_tag","embeddable":true,"href":"https:\/\/www.europesays.com\/fr\/wp-json\/wp\/v2\/tags?post=146030"}],"curies":[{"name":"wp","href":"https:\/\/api.w.org\/{rel}","templated":true}]}}