{"id":146035,"date":"2025-06-02T09:12:17","date_gmt":"2025-06-02T09:12:17","guid":{"rendered":"https:\/\/www.europesays.com\/fr\/146035\/"},"modified":"2025-06-02T09:12:17","modified_gmt":"2025-06-02T09:12:17","slug":"ouste-on-sort-cette-semaine-du-2-au-8-juin-a-nantes","status":"publish","type":"post","link":"https:\/\/www.europesays.com\/fr\/146035\/","title":{"rendered":"Ouste\u00a0! On sort cette semaine du 2 au 8\u00a0juin, \u00e0 Nantes"},"content":{"rendered":"<p><a href=\"https:\/\/nantes.maville.com\/info\/info-locale\/ouste-on-sort-b7d0ece0-f502-415e-95ba-bd51cf500694\" target=\"_blank\" rel=\"noopener\"> Ouste\u00a0!, le magazine culturel nantais d\u2019Ouest-France,<\/a> a s\u00e9lectionn\u00e9 deux rendez-vous dans la m\u00e9tropole, cette semaine du lundi\u00a02 au dimanche 8\u00a0juin 2025.<\/p>\n<p>Les muralistes nantais s\u2019exposent en galerie<\/p>\n<p>Chouette initiative lanc\u00e9e par la galerie nantaise le Triphas\u00e9\u00a0: Franck Moinel, son responsable, a invit\u00e9 quatre artistes nantais connus pour leurs peintures de rue \u00e0 cr\u00e9er des \u0153uvres dans sa galerie du boulevard Guist\u2019hau. Un <strong>\u00ab\u00a0changement de cadre\u00a0\u00bb<\/strong> inventif pour Tanala, Vanessa Piras, S\u00e9bastien Bouchard et Ll\u0153il, du collectif de muralistes nantais Label rue. En quelques jours, ils peignent leurs nouvelles cr\u00e9ations sur les murs de la galerie couverts de carton. Tout sera pr\u00eat pour jeudi 5\u00a0juin, jour de vernissage de cette expo in\u00e9dite. Et on pourra aussi acheter leurs \u0153uvres, enti\u00e8res ou en morceaux (\u00e0 partir de 20\u00a0\u20ac du centim\u00e8tre, sur deux m\u00e8tres de haut).<\/p>\n<p><strong>Jeudi 5\u00a0juin, <\/strong>\u00e0 18\u00a0h, vernissage ouvert \u00e0 tous. Exposition <strong>jusqu\u2019au 5\u00a0juillet,<\/strong> du mardi au samedi, de 14\u00a0h \u00e0 19\u00a0h, au Triphas\u00e9, 20, boulevard Guist\u2019hau, \u00e0 Nantes, pr\u00e9sence d\u2019un membre de\u00a0Label Rue chaque samedi, \u00e0 partir de 15\u00a0h, entr\u00e9e libre.<\/p>\n<p>Les inventeurs fous du Nantes maker campus<\/p>\n<p>Au Nantes maker campus, on cr\u00e9e avec sa t\u00eate, pas avec l\u2019IA, et on met les mains sous le capot\u2026 Encore plus lors d\u2019une neuvi\u00e8me \u00e9dition qui s\u2019appelle \u00ab\u00a0Je ne suis pas un robot\u00a0\u00bb. De vendredi \u00e0 dimanche, sous les Nefs, les makers pr\u00e9sentent leurs cr\u00e9ations plus ou moins dingues. Et souvent plus que moins. \u00c0 d\u00e9couvrir ainsi cette ann\u00e9e, le Sreamaton d\u2019Antonin Fourneau, sorte de photomaton qui se d\u00e9clenche quand on crie, le Dino park ride, attraction qui plonge les visiteurs dans un voyage au temps des dinosaures, une immersion dans un jardin de bestioles interactives\u2026 Sur place, 120\u00a0stands, 800\u00a0makers et quinze conf\u00e9rences. Vendredi et samedi, les journ\u00e9es se cl\u00f4turent avec un concert de l\u2019harmonie de Toutes-Aides.<\/p>\n<p><strong>De vendredi\u00a06 \u00e0 dimanche 8\u00a0juin,<\/strong> de 10\u00a0h \u00e0 18\u00a0h, sous les Nefs des Machines de l\u2019\u00eele, \u00e0 Nantes. 10\u00a0\u20ac, 6\u00a0\u20ac, gratuit vendredi et pour les visiteurs ayant un billet des Machines ou de l\u2019\u00c9l\u00e9phant.<\/p>\n<p>\u00a0<\/p>\n","protected":false},"excerpt":{"rendered":"Ouste\u00a0!, le magazine culturel nantais d\u2019Ouest-France, a s\u00e9lectionn\u00e9 deux rendez-vous dans la m\u00e9tropole, cette semaine du lundi\u00a02 au&hellip;\n","protected":false},"author":2,"featured_media":146036,"comment_status":"","ping_status":"","sticky":false,"template":"","format":"standard","meta":{"footnotes":""},"categories":[2818],"tags":[5742,15765,1111,11,1777,674,1011,27,3687,766,12,2636,25,5572,4102],"class_list":{"0":"post-146035","1":"post","2":"type-post","3":"status-publish","4":"format-standard","5":"has-post-thumbnail","7":"category-nantes","8":"tag-5742","9":"tag-15765","10":"tag-actu","11":"tag-actualites","12":"tag-eu","13":"tag-europe","14":"tag-fr","15":"tag-france","16":"tag-juin","17":"tag-nantes","18":"tag-news","19":"tag-pays-de-la-loire","20":"tag-republique-francaise","21":"tag-semaine","22":"tag-sort"},"share_on_mastodon":{"url":"https:\/\/pubeurope.com\/@fr\/114613003512583879","error":""},"_links":{"self":[{"href":"https:\/\/www.europesays.com\/fr\/wp-json\/wp\/v2\/posts\/146035","targetHints":{"allow":["GET"]}}],"collection":[{"href":"https:\/\/www.europesays.com\/fr\/wp-json\/wp\/v2\/posts"}],"about":[{"href":"https:\/\/www.europesays.com\/fr\/wp-json\/wp\/v2\/types\/post"}],"author":[{"embeddable":true,"href":"https:\/\/www.europesays.com\/fr\/wp-json\/wp\/v2\/users\/2"}],"replies":[{"embeddable":true,"href":"https:\/\/www.europesays.com\/fr\/wp-json\/wp\/v2\/comments?post=146035"}],"version-history":[{"count":0,"href":"https:\/\/www.europesays.com\/fr\/wp-json\/wp\/v2\/posts\/146035\/revisions"}],"wp:featuredmedia":[{"embeddable":true,"href":"https:\/\/www.europesays.com\/fr\/wp-json\/wp\/v2\/media\/146036"}],"wp:attachment":[{"href":"https:\/\/www.europesays.com\/fr\/wp-json\/wp\/v2\/media?parent=146035"}],"wp:term":[{"taxonomy":"category","embeddable":true,"href":"https:\/\/www.europesays.com\/fr\/wp-json\/wp\/v2\/categories?post=146035"},{"taxonomy":"post_tag","embeddable":true,"href":"https:\/\/www.europesays.com\/fr\/wp-json\/wp\/v2\/tags?post=146035"}],"curies":[{"name":"wp","href":"https:\/\/api.w.org\/{rel}","templated":true}]}}