{"id":146049,"date":"2025-06-02T09:19:12","date_gmt":"2025-06-02T09:19:12","guid":{"rendered":"https:\/\/www.europesays.com\/fr\/146049\/"},"modified":"2025-06-02T09:19:12","modified_gmt":"2025-06-02T09:19:12","slug":"lol-se-place-derriere-le-psg-et-lille-aux-points-uefa-recoltes","status":"publish","type":"post","link":"https:\/\/www.europesays.com\/fr\/146049\/","title":{"rendered":"L&rsquo;OL se place derri\u00e8re le PSG et Lille aux points UEFA r\u00e9colt\u00e9s"},"content":{"rendered":"<p>                            <img width=\"768\" height=\"433\" src=\"https:\/\/www.europesays.com\/fr\/wp-content\/uploads\/2025\/06\/e98a65493d6281bb458edb44cc7c863d4862a2ed-768x433.webp.webp\" class=\"attachment-article size-article wp-post-image\" alt=\"Ernest Nuamah lors du huiti\u00e8me de finale retour de Ligue Europa entre l'OL et le FCSB (4-0) \u00e0 D\u00e9cines-Charpieu le 13 mars 2025\" decoding=\"async\" fetchpriority=\"high\"  \/><\/p>\n<p>Ernest Nuamah lors du huiti\u00e8me de finale retour de Ligue Europa entre l\u2019OL et le FCSB (4-0) \u00e0 D\u00e9cines-Charpieu le 13 mars 2025<br \/>\n(JEAN-PHILIPPE KSIAZEK \u2013 AFP)<\/p>\n<p>Quart de finaliste de la Ligue Europa, l&rsquo;OL a nourri des regrets dans cette comp\u00e9tition. Toutefois, le club lyonnais a fait honneur \u00e0 sa r\u00e9putation europ\u00e9enne et est le troisi\u00e8me club fran\u00e7ais qui a ramen\u00e9 le plus de points UEFA cette saison.<\/p>\n<p>Cela restera comme <a href=\"https:\/\/www.olympique-et-lyonnais.com\/apres-le-psv-et-milan-lol-a-desormais-manchester-2025,359371.html\" rel=\"nofollow noopener\" target=\"_blank\">l&rsquo;une des plus grandes d\u00e9sillusions<\/a> de l&rsquo;histoire du club. \u00c0 chaque d\u00e9cennie son traumatisme et pour celle de 2020, le quart de finale de Ligue Europa contre <strong>Manchester United<\/strong> restera certainement celui qui arrivera en premier pour les supporters de l<strong>&lsquo;OL<\/strong>. Apr\u00e8s le nul 2-2 \u00e0 l&rsquo;aller, les joueurs de Paulo <a href=\"https:\/\/www.olympique-et-lyonnais.com\/lol-ne-fera-pas-appel-pour-paulo-fonseca,363585.html\" rel=\"nofollow noopener\" target=\"_blank\">Fonseca <\/a>ont r\u00e9ussi \u00e0 mener 4-2 \u00e0 dix contre onze et surtout \u00e0 dix minutes de la fin des prolongations.<\/p>\n<p>Mais dans un sc\u00e9nario irrationnel, les Red Devils ont invers\u00e9 la tendance pour s&rsquo;imposer 5-4 et filer en demi-finale puis en finale de la comp\u00e9tition. Cette \u00e9limination a fait du mal aux jambes, mais surtout aux t\u00eates rhodaniennes avec une fin de saison en eau de boudin\u2026 Le temps des regrets pass\u00e9, l&rsquo;<strong>OL<\/strong> a malgr\u00e9 tout prouv\u00e9 qu&rsquo;il avait une histoire avec l&rsquo;Europe et qu&rsquo;il r\u00e9pondait tr\u00e8s souvent pr\u00e9sent.<\/p>\n<p>Le beau parcours de Brest, la d\u00e9sillusion ni\u00e7oise<\/p>\n<p>Apr\u00e8s trois saisons sans comp\u00e9titions europ\u00e9ennes, le club septuple champion de France est all\u00e9 jusqu&rsquo;en quart de finale de Ligue Europa, apr\u00e8s avoir fini dans le top 8 de la phase de classement avec une seule d\u00e9faite au compteur. Une belle performance qui a fait les affaires de la France dans le classement UEFA. Avec la victoire finale du <strong>PSG<\/strong> en Ligue des champions, l&rsquo;<strong>OL<\/strong> prend la troisi\u00e8me place au niveau des points rapport\u00e9s par les clubs fran\u00e7ais dans les diff\u00e9rentes comp\u00e9titions europ\u00e9ennes cette saison.<\/p>\n<p>Le PSG prend logiquement la 1re place avec 37,000 points, devant Lille (26,500), qui s&rsquo;est arr\u00eat\u00e9 en 8es de Ligue des champions et donc l&rsquo;OL (22,750). Dans le reste du classement, <strong>Monaco <\/strong>\u00e9choue au pied du podium (18,000), suivi de <strong>Brest <\/strong>et de son parcours historique (16,750). Qualifi\u00e9 en C1 la saison prochaine, <strong>Nice <\/strong>n&rsquo;a clairement pas jou\u00e9 le jeu dans cet exercice 2024-2025 avec seulement 3,000 points en huit matchs disput\u00e9s, soit \u00e0 peine mieux que <strong><a href=\"https:\/\/www.olympique-et-lyonnais.com\/mercato-pierre-sage-avec-jamal-alioui-ex-ol-a-lens,363660.html\" rel=\"nofollow noopener\" target=\"_blank\">Lens <\/a><\/strong>(1,000) pourtant \u00e9limin\u00e9 d\u00e8s les barrages de Ligue Europa Conference.<\/p>\n","protected":false},"excerpt":{"rendered":"Ernest Nuamah lors du huiti\u00e8me de finale retour de Ligue Europa entre l\u2019OL et le FCSB (4-0) \u00e0&hellip;\n","protected":false},"author":2,"featured_media":146050,"comment_status":"","ping_status":"","sticky":false,"template":"","format":"standard","meta":{"footnotes":""},"categories":[2815],"tags":[1111,11,1777,674,1011,27,811,1307,12,241,978,25],"class_list":{"0":"post-146049","1":"post","2":"type-post","3":"status-publish","4":"format-standard","5":"has-post-thumbnail","7":"category-lille","8":"tag-actu","9":"tag-actualites","10":"tag-eu","11":"tag-europe","12":"tag-fr","13":"tag-france","14":"tag-hauts-de-france","15":"tag-lille","16":"tag-news","17":"tag-ol","18":"tag-olympique-lyonnais","19":"tag-republique-francaise"},"share_on_mastodon":{"url":"https:\/\/pubeurope.com\/@fr\/114613031000601590","error":""},"_links":{"self":[{"href":"https:\/\/www.europesays.com\/fr\/wp-json\/wp\/v2\/posts\/146049","targetHints":{"allow":["GET"]}}],"collection":[{"href":"https:\/\/www.europesays.com\/fr\/wp-json\/wp\/v2\/posts"}],"about":[{"href":"https:\/\/www.europesays.com\/fr\/wp-json\/wp\/v2\/types\/post"}],"author":[{"embeddable":true,"href":"https:\/\/www.europesays.com\/fr\/wp-json\/wp\/v2\/users\/2"}],"replies":[{"embeddable":true,"href":"https:\/\/www.europesays.com\/fr\/wp-json\/wp\/v2\/comments?post=146049"}],"version-history":[{"count":0,"href":"https:\/\/www.europesays.com\/fr\/wp-json\/wp\/v2\/posts\/146049\/revisions"}],"wp:featuredmedia":[{"embeddable":true,"href":"https:\/\/www.europesays.com\/fr\/wp-json\/wp\/v2\/media\/146050"}],"wp:attachment":[{"href":"https:\/\/www.europesays.com\/fr\/wp-json\/wp\/v2\/media?parent=146049"}],"wp:term":[{"taxonomy":"category","embeddable":true,"href":"https:\/\/www.europesays.com\/fr\/wp-json\/wp\/v2\/categories?post=146049"},{"taxonomy":"post_tag","embeddable":true,"href":"https:\/\/www.europesays.com\/fr\/wp-json\/wp\/v2\/tags?post=146049"}],"curies":[{"name":"wp","href":"https:\/\/api.w.org\/{rel}","templated":true}]}}