{"id":14605,"date":"2025-04-10T09:26:07","date_gmt":"2025-04-10T09:26:07","guid":{"rendered":"https:\/\/www.europesays.com\/fr\/14605\/"},"modified":"2025-04-10T09:26:07","modified_gmt":"2025-04-10T09:26:07","slug":"un-enfant-de-deux-ans-meurt-en-avalant-un-grain-de-raisin-une-enquete-ouverte","status":"publish","type":"post","link":"https:\/\/www.europesays.com\/fr\/14605\/","title":{"rendered":"un enfant de deux ans meurt en avalant un grain de raisin, une enqu\u00eate ouverte"},"content":{"rendered":"<p>            Par<br \/>\n        <strong><br \/>\n            <a href=\"https:\/\/actu.fr\/auteur\/redaction-paris\" title=\"Consulter tous les articles de R\u00e9daction Paris\" rel=\"nofollow noopener\" target=\"_blank\">R\u00e9daction Paris<\/a><br \/>\n        <\/strong><\/p>\n<p>        Publi\u00e9 le<\/p>\n<p>            10 avr. 2025 \u00e0 11h15        <\/p>\n<p>Drame dans les <a href=\"https:\/\/actu.fr\/ile-de-france\/hauts-de-seine_92\" rel=\"nofollow noopener\" target=\"_blank\">Hauts-de-Seine<\/a>. Lundi 7\u00a0avril 2025, dans la soir\u00e9e, un petit gar\u00e7on qui aurait f\u00eat\u00e9 ses trois ans dans les prochains jours est d\u00e9c\u00e9d\u00e9 apr\u00e8s s\u2019\u00eatre <strong>\u00e9touff\u00e9 en avalant un grain de raisin<\/strong>, \u00e0 Suresnes, au domicile de ses parents, a r\u00e9v\u00e9l\u00e9<a href=\"https:\/\/www.lefigaro.fr\/faits-divers\/hauts-de-seine-un-enfant-de-deux-ans-perit-en-s-etouffant-avec-un-grain-de-raisin-20250408\" rel=\"nofollow noopener\" target=\"_blank\"> Le Figaro<\/a>.<\/p>\n<p>Une enqu\u00eate ouverte et une autopsie demand\u00e9e<\/p>\n<p class=\" wall-content\">D\u2019apr\u00e8s les informations du quotidien, le petit gar\u00e7on se trouvait au domicile de ses parents lorsque l\u2019accident s\u2019est produit. Il \u00e9tait aux alentours de 21h30. Malgr\u00e9 l\u2019intervention des <a href=\"https:\/\/actu.fr\/tag\/brigade-de-sapeurs-pompiers-de-paris\" rel=\"nofollow noopener\" target=\"_blank\">sapeurs-pompiers de Paris<\/a>, l\u2019enfant, qui se trouvait en arr\u00eat cardio-respiratoire, n\u2019a <strong>pas pu \u00eatre r\u00e9anim\u00e9<\/strong>.<\/p>\n<p class=\" wall-content\">Le <a href=\"https:\/\/actu.fr\/tag\/tribunal-de-nanterre\" rel=\"nofollow noopener\" target=\"_blank\">parquet de Nanterre<\/a> a ouvert une <strong>enqu\u00eate <\/strong>en recherche des causes de la mort. Le corps du gar\u00e7onnet a \u00e9t\u00e9 transport\u00e9 \u00e0 l\u2019institut m\u00e9dico-l\u00e9gal pour \u00eatre autopsi\u00e9.<\/p>\n<p class=\" wall-content\">Suivez toute l\u2019actualit\u00e9 de vos villes et m\u00e9dias favoris en vous inscrivant \u00e0 <a href=\"https:\/\/moncompte.actu.fr\" title=\"D\u00e9couvez Mon Actu\" rel=\"nofollow noopener\" data-trk=\"{&quot;cta&quot;:{&quot;action&quot;:&quot;https:\\\/\\\/moncompte.actu.fr&quot;,&quot;category&quot;:&quot;mon compte&quot;,&quot;from&quot;:&quot;article footer&quot;,&quot;name&quot;:&quot;Mon actu&quot;,&quot;type&quot;:&quot;cta&quot;}}\" target=\"_blank\">Mon Actu<\/a>.<\/p>\n<ul class=\"ac-article-tag wall-content\">\n<li><a href=\"https:\/\/actu.fr\/tag\/brigade-de-sapeurs-pompiers-de-paris\" data-trk=\"{&quot;cta&quot;:{&quot;action&quot;:&quot;Brigade de sapeurs-pompiers de Paris&quot;,&quot;category&quot;:&quot;tag&quot;,&quot;from&quot;:&quot;article footer&quot;,&quot;name&quot;:&quot;Brigade de sapeurs-pompiers de Paris&quot;,&quot;type&quot;:&quot;cta&quot;}}\" rel=\"nofollow noopener\" target=\"_blank\">#Brigade de sapeurs-pompiers de Paris<\/a><\/li>\n<li><a href=\"https:\/\/actu.fr\/tag\/tribunal-de-nanterre\" data-trk=\"{&quot;cta&quot;:{&quot;action&quot;:&quot;Tribunal de Nanterre&quot;,&quot;category&quot;:&quot;tag&quot;,&quot;from&quot;:&quot;article footer&quot;,&quot;name&quot;:&quot;Tribunal de Nanterre&quot;,&quot;type&quot;:&quot;cta&quot;}}\" rel=\"nofollow noopener\" target=\"_blank\">#Tribunal de Nanterre<\/a><\/li>\n<\/ul>\n","protected":false},"excerpt":{"rendered":"Par R\u00e9daction Paris Publi\u00e9 le 10 avr. 2025 \u00e0 11h15 Drame dans les Hauts-de-Seine. Lundi 7\u00a0avril 2025, dans&hellip;\n","protected":false},"author":2,"featured_media":14606,"comment_status":"","ping_status":"","sticky":false,"template":"","format":"standard","meta":{"footnotes":""},"categories":[1888],"tags":[1111,1928,11,1927,3056,1777,674,1011,27,12,1926,626,1925,25,104,6296],"class_list":{"0":"post-14605","1":"post","2":"type-post","3":"status-publish","4":"format-standard","5":"has-post-thumbnail","7":"category-paris","8":"tag-actu","9":"tag-actu-paris","10":"tag-actualites","11":"tag-actualites-paris","12":"tag-brigade-de-sapeurs-pompiers-de-paris","13":"tag-eu","14":"tag-europe","15":"tag-fr","16":"tag-france","17":"tag-news","18":"tag-news-paris","19":"tag-paris","20":"tag-paris-news","21":"tag-republique-francaise","22":"tag-societe","23":"tag-tribunal-de-nanterre"},"share_on_mastodon":{"url":"https:\/\/pubeurope.com\/@fr\/114312956085378790","error":""},"_links":{"self":[{"href":"https:\/\/www.europesays.com\/fr\/wp-json\/wp\/v2\/posts\/14605","targetHints":{"allow":["GET"]}}],"collection":[{"href":"https:\/\/www.europesays.com\/fr\/wp-json\/wp\/v2\/posts"}],"about":[{"href":"https:\/\/www.europesays.com\/fr\/wp-json\/wp\/v2\/types\/post"}],"author":[{"embeddable":true,"href":"https:\/\/www.europesays.com\/fr\/wp-json\/wp\/v2\/users\/2"}],"replies":[{"embeddable":true,"href":"https:\/\/www.europesays.com\/fr\/wp-json\/wp\/v2\/comments?post=14605"}],"version-history":[{"count":0,"href":"https:\/\/www.europesays.com\/fr\/wp-json\/wp\/v2\/posts\/14605\/revisions"}],"wp:featuredmedia":[{"embeddable":true,"href":"https:\/\/www.europesays.com\/fr\/wp-json\/wp\/v2\/media\/14606"}],"wp:attachment":[{"href":"https:\/\/www.europesays.com\/fr\/wp-json\/wp\/v2\/media?parent=14605"}],"wp:term":[{"taxonomy":"category","embeddable":true,"href":"https:\/\/www.europesays.com\/fr\/wp-json\/wp\/v2\/categories?post=14605"},{"taxonomy":"post_tag","embeddable":true,"href":"https:\/\/www.europesays.com\/fr\/wp-json\/wp\/v2\/tags?post=14605"}],"curies":[{"name":"wp","href":"https:\/\/api.w.org\/{rel}","templated":true}]}}