{"id":146051,"date":"2025-06-02T09:20:09","date_gmt":"2025-06-02T09:20:09","guid":{"rendered":"https:\/\/www.europesays.com\/fr\/146051\/"},"modified":"2025-06-02T09:20:09","modified_gmt":"2025-06-02T09:20:09","slug":"a-marseille-les-tresors-sont-aussi-sous-la-surface","status":"publish","type":"post","link":"https:\/\/www.europesays.com\/fr\/146051\/","title":{"rendered":"\u00c0 Marseille, les tr\u00e9sors sont aussi sous la surface"},"content":{"rendered":"<p>                    <img loading=\"lazy\" decoding=\"async\" src=\"https:\/\/www.europesays.com\/fr\/wp-content\/uploads\/2025\/06\/f68140d921ad9e6a6389d8ecab3673.png\" class=\"img-responsive post-image\" width=\"680\" height=\"510\" alt=\"\u00c0 Marseille, les tr\u00e9sors\" title=\"\u00c0 Marseille, les tr\u00e9sors sont aussi sous la surface\"\/><\/p>\n<p class=\"chapo\">Dans le cadre du projet \u201cLa mer n\u2019est pas morte\u2026 Vive la mer\u00a0!\u201d, Bleu Tomate et l\u2019OSU Pyth\u00e9as invitent le public \u00e0 \u00e9changer au sujet des petits fonds c\u00f4tiers proven\u00e7aux.<\/p>\n<p>Le jeudi 12 juin \u00e0 19h, le bar des sciences Pression Hyperbar revient \u00e0 la brasserie Zouma\u00ef pour une soir\u00e9e conviviale et engageante. Experts et public seront invit\u00e9s \u00e0 questionner notre rapport \u00e0 la mer, \u00e0 comprendre les enjeux de sa pr\u00e9servation, et \u00e0 partager leurs id\u00e9es pour replacer la mer c\u00f4ti\u00e8re au centre de l\u2019attention. Un rendez-vous immanquable pour curieux et passionn\u00e9s de science dans une ambiance aussi d\u00e9tendue qu\u2019effervescente le 12 juin de 19h \u00e0 21h \u00e0 la Brasserie Zouma\u00ef, 7 Cr Gouff\u00e9, Marseille.<\/p>\n<p>Pourquoi les fonds c\u00f4tiers\u00a0? <\/p>\n<p>Parce qu\u2019\u00e0 quelques m\u00e8tres des plages, l\u00e0 o\u00f9 la mer semble encore tranquille, se joue l\u2019avenir de la biodiversit\u00e9 marine\u00a0: zones refuges, nurseries, habitats m\u00e9connus\u2026 Ces paysages sous-marins, bien que proches et essentiels, subissent de multiples pressions li\u00e9es aux activit\u00e9s humaines. \u00c0 l\u2019occasion de l\u2019Ann\u00e9e de la Mer et en marge de la Conf\u00e9rence des Nations unies sur l\u2019Oc\u00e9an (UNOC), Bleu Tomate et l\u2019OSU Pytheas invitent \u00e0 l\u2019une des derni\u00e8res soir\u00e9es Pression Hyperbar de la saison. Un moment d\u2019\u00e9change pour plonger au coeur d\u2019un sujet aussi fascinant que crucial\u00a0: la vie et la sant\u00e9 des fonds c\u00f4tiers de notre littoral proven\u00e7al.<\/p>\n<p><strong>Des chercheurs et acteurs de terrain partageront leurs savoirs et leurs r\u00e9cits autour d\u2019un verre, et se questionneront\u00a0:<\/strong><\/p>\n<p><b>\u2013<\/b>\u00a0Comment rendre visible ce monde invisible\u00a0?<br \/>\n<br \/><b>\u2013<\/b>\u00a0Quels r\u00e9cits pour \u00e9veiller les consciences et susciter l\u2019action\u00a0?<br \/>\n<br \/><b>\u2013<\/b>\u00a0Comment mieux informer et mobiliser autour de la mer vivante\u00a0?<\/p>\n<p>Un projet \u00e9ditorial in\u00e9dit<\/p>\n<p>Cette soir\u00e9e s\u2019inscrit dans le cadre du projet de <strong>Bleu Tomate La Mer n\u2019est pas Morte\u2026Vive la Mer<\/strong>, qui ambitionne d\u2019exp\u00e9rimenter de nouveaux formats narratifs \u00e0 impact. Il allie \u00e9tude, cr\u00e9ation de contenus, \u00e9v\u00e9nements participatifs et outils p\u00e9dagogiques pour reconnecter les publics \u00e0 l\u2019\u00e9cosyst\u00e8me marin.<br class=\"autobr\"\/><br \/>\nLe webinaire \u201cMarseille sous-marine\u00a0: un paysage habit\u00e9 et m\u00e9connu\u201d a permis de poser les premiers jalons d\u2019une r\u00e9flexion collective\u00a0:<br \/>\n<br \/><b>\u2013<\/b>\u00a0Comment, en tant que m\u00e9dia, mieux parler des petits fonds c\u00f4tiers\u00a0?<br \/>\n<br \/><b>\u2013<\/b>\u00a0Sous quelle forme les rendre visibles, sensibles, compr\u00e9hensibles\u00a0?<\/p>\n<p>Des pistes ont \u00e9merg\u00e9\u00a0: croiser les regards, mobiliser des r\u00e9cits sensibles, faire voir pour faire aimer\u2026<br class=\"autobr\"\/><br \/>\n<strong>La r\u00e9flexion se poursuivra lors de ce bar des sciences, dans un cadre informel, afin de favoriser les \u00e9changes entre experts et public.<\/strong><\/p>\n","protected":false},"excerpt":{"rendered":"Dans le cadre du projet \u201cLa mer n\u2019est pas morte\u2026 Vive la mer\u00a0!\u201d, Bleu Tomate et l\u2019OSU Pyth\u00e9as&hellip;\n","protected":false},"author":2,"featured_media":146052,"comment_status":"","ping_status":"","sticky":false,"template":"","format":"standard","meta":{"footnotes":""},"categories":[2814],"tags":[1111,11,2408,1777,674,1011,27,884,12,882,25],"class_list":{"0":"post-146051","1":"post","2":"type-post","3":"status-publish","4":"format-standard","5":"has-post-thumbnail","7":"category-marseille","8":"tag-actu","9":"tag-actualites","10":"tag-appels-d","11":"tag-eu","12":"tag-europe","13":"tag-fr","14":"tag-france","15":"tag-marseille","16":"tag-news","17":"tag-provence-alpes-cote-dazur","18":"tag-republique-francaise"},"share_on_mastodon":{"url":"https:\/\/pubeurope.com\/@fr\/114613035019489065","error":""},"_links":{"self":[{"href":"https:\/\/www.europesays.com\/fr\/wp-json\/wp\/v2\/posts\/146051","targetHints":{"allow":["GET"]}}],"collection":[{"href":"https:\/\/www.europesays.com\/fr\/wp-json\/wp\/v2\/posts"}],"about":[{"href":"https:\/\/www.europesays.com\/fr\/wp-json\/wp\/v2\/types\/post"}],"author":[{"embeddable":true,"href":"https:\/\/www.europesays.com\/fr\/wp-json\/wp\/v2\/users\/2"}],"replies":[{"embeddable":true,"href":"https:\/\/www.europesays.com\/fr\/wp-json\/wp\/v2\/comments?post=146051"}],"version-history":[{"count":0,"href":"https:\/\/www.europesays.com\/fr\/wp-json\/wp\/v2\/posts\/146051\/revisions"}],"wp:featuredmedia":[{"embeddable":true,"href":"https:\/\/www.europesays.com\/fr\/wp-json\/wp\/v2\/media\/146052"}],"wp:attachment":[{"href":"https:\/\/www.europesays.com\/fr\/wp-json\/wp\/v2\/media?parent=146051"}],"wp:term":[{"taxonomy":"category","embeddable":true,"href":"https:\/\/www.europesays.com\/fr\/wp-json\/wp\/v2\/categories?post=146051"},{"taxonomy":"post_tag","embeddable":true,"href":"https:\/\/www.europesays.com\/fr\/wp-json\/wp\/v2\/tags?post=146051"}],"curies":[{"name":"wp","href":"https:\/\/api.w.org\/{rel}","templated":true}]}}