{"id":146055,"date":"2025-06-02T09:22:13","date_gmt":"2025-06-02T09:22:13","guid":{"rendered":"https:\/\/www.europesays.com\/fr\/146055\/"},"modified":"2025-06-02T09:22:13","modified_gmt":"2025-06-02T09:22:13","slug":"la-reine-du-burlesque-dita-von-teese-de-retour-a-lyon","status":"publish","type":"post","link":"https:\/\/www.europesays.com\/fr\/146055\/","title":{"rendered":"La reine du burlesque Dita Von Teese de retour \u00e0 Lyon\u00a0"},"content":{"rendered":"<p itemprop=\"description\"><strong>L\u2019artiste am\u00e9ricaine s\u2019est produite dans les cabarets du monde entier.<\/strong><\/p>\n<p>Elle est consid\u00e9r\u00e9e comme la reine incontest\u00e9e du burlesque. <strong>Dita Von Teese<\/strong> est attendue \u00e0 Lyon dans le cadre de la tourn\u00e9e de son nouveau spectacle intitul\u00e9 Nocturnelle. Le rendez-vous est donn\u00e9 le samedi 4 avril 2026 \u00e0 L\u2019Amphith\u00e9\u00e2tre 3000. Les billets seront mis en vente ce vendredi 6 juin \u00e0 partir de 10h.<\/p>\n<p>\u00ab\u00a0Nocturnelle est mon show le plus glambitieux \u00e0 ce jour. C\u2019est la rencontre entre le strip-tease sophistiqu\u00e9 et l\u2019art envo\u00fbtant de l\u2019illusion. Apr\u00e8s avoir \u00e9tudi\u00e9 les secrets des grands magiciens du pass\u00e9, j\u2019ai voulu cr\u00e9er un spectacle r\u00e9solument magique\u2026 c\u2019est l\u2019art du Teese, avec une touche de myst\u00e8re et une pluie de paillettes\u00a0\u00bb, explique Dita Von Teese pour parler de son dernier spectacle.<\/p>\n<p>A noter que deux autres dates fran\u00e7aises sont pr\u00e9vues pour le show Nocturnelle de l\u2019artiste am\u00e9ricaine : les jeudi 23 et vendredi 24 avril 2026 aux Folies Berg\u00e8res \u00e0 Paris.<\/p>\n","protected":false},"excerpt":{"rendered":"L\u2019artiste am\u00e9ricaine s\u2019est produite dans les cabarets du monde entier. Elle est consid\u00e9r\u00e9e comme la reine incontest\u00e9e du&hellip;\n","protected":false},"author":2,"featured_media":146056,"comment_status":"","ping_status":"","sticky":false,"template":"","format":"standard","meta":{"footnotes":""},"categories":[1889],"tags":[1111,11,2813,2190,2430,1109,251,1112,2811,1777,674,118,1294,4651,1011,27,1922,1110,1114,2428,4903,4902,12,241,316,25,2812,517,800],"class_list":{"0":"post-146055","1":"post","2":"type-post","3":"status-publish","4":"format-standard","5":"has-post-thumbnail","7":"category-lyon","8":"tag-actu","9":"tag-actualites","10":"tag-article","11":"tag-asvel","12":"tag-auvergne-rhone-alpes","13":"tag-breves","14":"tag-culture","15":"tag-depeches","16":"tag-economique","17":"tag-eu","18":"tag-europe","19":"tag-faits-divers","20":"tag-femme","21":"tag-femmes","22":"tag-fr","23":"tag-france","24":"tag-info","25":"tag-informations","26":"tag-infos","27":"tag-lyon","28":"tag-lyonfemme","29":"tag-lyonfemmes","30":"tag-news","31":"tag-ol","32":"tag-politique","33":"tag-republique-francaise","34":"tag-sociale","35":"tag-sport","36":"tag-transports"},"share_on_mastodon":{"url":"https:\/\/pubeurope.com\/@fr\/114613042805955618","error":""},"_links":{"self":[{"href":"https:\/\/www.europesays.com\/fr\/wp-json\/wp\/v2\/posts\/146055","targetHints":{"allow":["GET"]}}],"collection":[{"href":"https:\/\/www.europesays.com\/fr\/wp-json\/wp\/v2\/posts"}],"about":[{"href":"https:\/\/www.europesays.com\/fr\/wp-json\/wp\/v2\/types\/post"}],"author":[{"embeddable":true,"href":"https:\/\/www.europesays.com\/fr\/wp-json\/wp\/v2\/users\/2"}],"replies":[{"embeddable":true,"href":"https:\/\/www.europesays.com\/fr\/wp-json\/wp\/v2\/comments?post=146055"}],"version-history":[{"count":0,"href":"https:\/\/www.europesays.com\/fr\/wp-json\/wp\/v2\/posts\/146055\/revisions"}],"wp:featuredmedia":[{"embeddable":true,"href":"https:\/\/www.europesays.com\/fr\/wp-json\/wp\/v2\/media\/146056"}],"wp:attachment":[{"href":"https:\/\/www.europesays.com\/fr\/wp-json\/wp\/v2\/media?parent=146055"}],"wp:term":[{"taxonomy":"category","embeddable":true,"href":"https:\/\/www.europesays.com\/fr\/wp-json\/wp\/v2\/categories?post=146055"},{"taxonomy":"post_tag","embeddable":true,"href":"https:\/\/www.europesays.com\/fr\/wp-json\/wp\/v2\/tags?post=146055"}],"curies":[{"name":"wp","href":"https:\/\/api.w.org\/{rel}","templated":true}]}}