{"id":146074,"date":"2025-06-02T09:42:10","date_gmt":"2025-06-02T09:42:10","guid":{"rendered":"https:\/\/www.europesays.com\/fr\/146074\/"},"modified":"2025-06-02T09:42:10","modified_gmt":"2025-06-02T09:42:10","slug":"droits-de-douane-washington-accuse-la-chine-de-violer-laccord-avec-les-etats-unis-pekin-rejette-fermement-les-accusations-02-06-2025-a-1130","status":"publish","type":"post","link":"https:\/\/www.europesays.com\/fr\/146074\/","title":{"rendered":"Droits de douane : Washington accuse la Chine de violer l&rsquo;accord avec les \u00c9tats-Unis, P\u00e9kin \u00ab\u00a0rejette fermement\u00a0\u00bb les accusations &#8211; 02\/06\/2025 \u00e0 11:30"},"content":{"rendered":"<p> Les deux pays avaient conclu un accord le mois dernier pour suspendre temporairement leur guerre commerciale le temps de n\u00e9gocier.<\/p>\n<p>        <img fetchpriority=\"high\" decoding=\"async\" src=\"https:\/\/www.europesays.com\/fr\/wp-content\/uploads\/2025\/06\/eb79135bb47f719abaefc9bf1f4489b2-760x570.jpg\" alt=\"Montage des portraits de Donald Trump et Xi Jinping. ( AFP \/ MANDEL NGAN )\" loading=\"eager\" width=\"760\" height=\"570\" style=\"max-width: 100%!important; height: auto;\"\/><\/p>\n<p class=\"c-image-news__legend\">Montage des portraits de Donald Trump et Xi Jinping. ( AFP \/ MANDEL NGAN )<\/p>\n<p>\n \u00ab\u00a0Sans grande surprise, la Chine a totalement viol\u00e9 son accord avec nous\u00a0\u00bb. P\u00e9kin a r\u00e9pondu lundi 2 juin aux accusations am\u00e9ricaines selon lesquelles elle aurait viol\u00e9 un accord conclu le mois dernier visant \u00e0 r\u00e9duire les droits de douane impos\u00e9s r\u00e9ciproquement. Un d\u00e9veloppement qui fait craindre une reprise du bras de fer commercial entre les deux plus grandes \u00e9conomies mondiales.\n<\/p>\n<p>\n P\u00e9kin et Washington \u00e9taient parvenus le mois dernier \u00e0 un accord permettant de suspendre temporairement l&rsquo;escalade commerciale qui avait port\u00e9<br \/>\n <strong><br \/>\n  les surtaxes douani\u00e8res sur les produits am\u00e9ricains \u00e0 125% et celles appliqu\u00e9es aux produits chinois \u00e0 145%.<br \/>\n <\/strong><br \/>\n Apr\u00e8s deux jours de rencontre, Washington et P\u00e9kin avaient accept\u00e9 d&rsquo;abaisser pendant 90 jours leurs droits de douane \u00e0 respectivement 30% et 10%, s&rsquo;engageant \u00e0 poursuivre les discussions en vue d&rsquo;un accord commercial.\n<\/p>\n<p>\n Mais le secr\u00e9taire d&rsquo;\u00c9tat am\u00e9ricain au Commerce, Howard Lutnick, a accus\u00e9 dimanche P\u00e9kin de \u00ab\u00a0ralentir la mise en \u0153uvre de l&rsquo;accord\u00a0\u00bb, s&rsquo;exprimant sur la cha\u00eene<\/p>\n<p>  Fox News<\/p>\n<p> . Les \u00c9tats-Unis ont aussi accus\u00e9 la Chine de ne pas respecter les termes de l&rsquo;accord de d\u00e9tente n\u00e9goci\u00e9 il y a deux semaines entre les deux pays \u00e0 Gen\u00e8ve.<br \/>\n <strong><br \/>\n  \u00ab\u00a0Sans grande surprise, la Chine a totalement viol\u00e9 son accord avec nous\u00a0\u00bb<br \/>\n <\/strong><br \/>\n , a d\u00e9nonc\u00e9 le pr\u00e9sident Donald Trump, sans pr\u00e9ciser \u00e0 quelles actions men\u00e9es par P\u00e9kin il faisait r\u00e9f\u00e9rence.\n<\/p>\n<p>\n Le minist\u00e8re chinois du Commerce a vivement r\u00e9agi lundi, accusant Washington de<br \/>\n <strong><br \/>\n  \u00ab\u00a0formuler des accusations fallacieuses\u00a0\u00bb et rejetant \u00ab\u00a0fermement ces accusations d\u00e9raisonnables\u00a0\u00bb<br \/>\n <\/strong><br \/>\n . La Chine a \u00ab\u00a0fait preuve de fermet\u00e9 dans la protection de ses droits et int\u00e9r\u00eats, et de sinc\u00e9rit\u00e9 dans la mise en \u0153uvre du consensus\u00a0\u00bb, a d\u00e9clar\u00e9 lundi le minist\u00e8re chinois du Commerce.\n<\/p>\n<p>\n Mais Washington \u00ab\u00a0a successivement introduit un certain nombre de mesures restrictives discriminatoires \u00e0 l&rsquo;encontre de la Chine\u00a0\u00bb, a ajout\u00e9 P\u00e9kin, citant<br \/>\n <strong><br \/>\n  les contr\u00f4les \u00e0 l&rsquo;exportation de puces pour l&rsquo;intelligence artificielle et la r\u00e9vocation des visas d&rsquo;\u00e9tudiants chinois aux \u00c9tats-Unis.<br \/>\n <\/strong>\n<\/p>\n<p>\n \u00ab\u00a0Nous exhortons les \u00c9tats-Unis \u00e0 trouver un terrain d&rsquo;entente avec la Chine, \u00e0 corriger imm\u00e9diatement ses agissements r\u00e9pr\u00e9hensibles et \u00e0 respecter conjointement le consensus issu des n\u00e9gociations commerciales de Gen\u00e8ve\u00a0\u00bb, a d\u00e9clar\u00e9 le minist\u00e8re. Dans le cas contraire, \u00ab\u00a0la Chine continuera r\u00e9solument \u00e0 prendre des mesures fortes pour d\u00e9fendre ses droits et int\u00e9r\u00eats l\u00e9gitimes\u00a0\u00bb, a-t-il ajout\u00e9.\n<\/p>\n<p> Un appel entre Xi et Trump ?<\/p>\n<p>\n Les responsables am\u00e9ricains affirment que la Chine fait preuve de lenteur administrative dans l&rsquo;approbation de licences d&rsquo;exportation pour des mat\u00e9riaux et d&rsquo;autres \u00e9l\u00e9ments essentiels \u00e0 la fabrication de voitures et de semi-conducteurs. \u00ab\u00a0La Chine retient des produits qui sont essentiels \u00e0 la cha\u00eene d&rsquo;approvisionnements de l&rsquo;Inde, de l&rsquo;Europe et ce n&rsquo;est pas ce que fait un partenaire commercial fiable\u00a0\u00bb, a d\u00e9clar\u00e9 dimanche le secr\u00e9taire am\u00e9ricain au Tr\u00e9sor, Scott Bessent, lors d&rsquo;un entretien \u00e0 la cha\u00eene am\u00e9ricaine<\/p>\n<p>  CBS<\/p>\n<p> .\n<\/p>\n<p>\n Scott Bessent a n\u00e9anmoins \u00e9voqu\u00e9<br \/>\n <strong><br \/>\n  la possibilit\u00e9 d&rsquo;un appel t\u00e9l\u00e9phonique \u00ab\u00a0tr\u00e8s prochainement\u00a0\u00bb<br \/>\n <\/strong><br \/>\n entre les deux chefs d&rsquo;\u00c9tat, ajoutant qu&rsquo;il \u00e9tait \u00ab\u00a0convaincu\u00a0\u00bb que cet \u00e9change permettra de r\u00e9soudre le probl\u00e8me.\n<\/p>\n<p>\n P\u00e9kin s&rsquo;est en revanche montr\u00e9 moins dispos\u00e9 \u00e0 communiquer sur le sujet. Le minist\u00e8re chinois du Commerce n&rsquo;a fait aucune mention, lundi, d&rsquo;une \u00e9ventuelle conversation entre les deux dirigeants.\n<\/p>\n<p>\n L&rsquo;accord de Gen\u00e8ve repr\u00e9sente \u00ab\u00a0un consensus important atteint par les deux parties sur la base du respect mutuel et de l&rsquo;\u00e9galit\u00e9, et ses r\u00e9sultats ont \u00e9t\u00e9 durement acquis\u00a0\u00bb, a seulement soulign\u00e9 le minist\u00e8re. Il a mis en garde Washington contre toute tentative \u00ab\u00a0d&rsquo;agir unilat\u00e9ralement et de continuer \u00e0 nuire aux int\u00e9r\u00eats de la Chine\u00a0\u00bb.\n<\/p>\n<p>\n Les march\u00e9s mondiaux ont cl\u00f4tur\u00e9 vendredi en demi-teinte, apr\u00e8s la charge visant la Chine publi\u00e9e par Donald Trump sur les r\u00e9seaux sociaux. Lundi, la Bourse de Hong Kong a recul\u00e9 de pr\u00e8s de 2% peu apr\u00e8s son ouverture.<\/p>\n","protected":false},"excerpt":{"rendered":"Les deux pays avaient conclu un accord le mois dernier pour suspendre temporairement leur guerre commerciale le temps&hellip;\n","protected":false},"author":2,"featured_media":146075,"comment_status":"","ping_status":"","sticky":false,"template":"","format":"standard","meta":{"footnotes":""},"categories":[1589],"tags":[400,11,398,408,405,73,1866,403,402,399,404,12,401,406,1864,1865,1863,308,407],"class_list":{"0":"post-146074","1":"post","2":"type-post","3":"status-publish","4":"format-standard","5":"has-post-thumbnail","7":"category-etats-unis","8":"tag-action-cac-40","9":"tag-actualites","10":"tag-bourse-de-paris","11":"tag-boursorama","12":"tag-cotations","13":"tag-etats-unis","14":"tag-etats-unis-damerique","15":"tag-indices-devises","16":"tag-investir","17":"tag-investissement","18":"tag-marche-boursier","19":"tag-news","20":"tag-sicav","21":"tag-trackers","22":"tag-united-states","23":"tag-united-states-of-america","24":"tag-us","25":"tag-usa","26":"tag-warrants"},"share_on_mastodon":{"url":"https:\/\/pubeurope.com\/@fr\/114613121462597932","error":""},"_links":{"self":[{"href":"https:\/\/www.europesays.com\/fr\/wp-json\/wp\/v2\/posts\/146074","targetHints":{"allow":["GET"]}}],"collection":[{"href":"https:\/\/www.europesays.com\/fr\/wp-json\/wp\/v2\/posts"}],"about":[{"href":"https:\/\/www.europesays.com\/fr\/wp-json\/wp\/v2\/types\/post"}],"author":[{"embeddable":true,"href":"https:\/\/www.europesays.com\/fr\/wp-json\/wp\/v2\/users\/2"}],"replies":[{"embeddable":true,"href":"https:\/\/www.europesays.com\/fr\/wp-json\/wp\/v2\/comments?post=146074"}],"version-history":[{"count":0,"href":"https:\/\/www.europesays.com\/fr\/wp-json\/wp\/v2\/posts\/146074\/revisions"}],"wp:featuredmedia":[{"embeddable":true,"href":"https:\/\/www.europesays.com\/fr\/wp-json\/wp\/v2\/media\/146075"}],"wp:attachment":[{"href":"https:\/\/www.europesays.com\/fr\/wp-json\/wp\/v2\/media?parent=146074"}],"wp:term":[{"taxonomy":"category","embeddable":true,"href":"https:\/\/www.europesays.com\/fr\/wp-json\/wp\/v2\/categories?post=146074"},{"taxonomy":"post_tag","embeddable":true,"href":"https:\/\/www.europesays.com\/fr\/wp-json\/wp\/v2\/tags?post=146074"}],"curies":[{"name":"wp","href":"https:\/\/api.w.org\/{rel}","templated":true}]}}